{"id":6494,"date":"2020-07-17T18:23:03","date_gmt":"2020-07-17T22:23:03","guid":{"rendered":"https:\/\/www.pedroandretta.info\/index\/?p=6494"},"modified":"2020-07-17T18:23:03","modified_gmt":"2020-07-17T22:23:03","slug":"pl-das-fake-news-pode-acirrar-polarizacao-politica-diz-pesquisador-para-brit","status":"publish","type":"post","link":"https:\/\/www.pedroandretta.info\/index\/2020\/07\/pl-das-fake-news-pode-acirrar-polarizacao-politica-diz-pesquisador-para-brit\/","title":{"rendered":"PL das fake news pode acirrar polariza\u00e7\u00e3o pol\u00edtica, diz pesquisador | \u201cPara Brit&#8230;"},"content":{"rendered":"<p>[ad_1]<\/p>\n<blockquote class=\"twitter-tweet\">\n<p lang=\"pt\" dir=\"ltr\">PL das fake news pode acirrar polariza\u00e7\u00e3o pol\u00edtica, diz pesquisador | \u201cPara Brito Cruz, o debate sobre as not\u00edcias falsas &quot;abre espa\u00e7o para controle de discurso&quot;. <a target=\"_blank\" href=\"https:\/\/twitter.com\/hashtag\/LeiDasFakeNews?src=hash&amp;ref_src=twsrc%5Etfw\" rel=\"noopener noreferrer\">#LeiDasFakeNews<\/a> <a target=\"_blank\" href=\"https:\/\/twitter.com\/hashtag\/Pol%C3%ADtica?src=hash&amp;ref_src=twsrc%5Etfw\" rel=\"noopener noreferrer\">#Pol\u00edtica<\/a> <a target=\"_blank\" href=\"https:\/\/twitter.com\/hashtag\/Desinforma%C3%A7%C3%A3o?src=hash&amp;ref_src=twsrc%5Etfw\" rel=\"noopener noreferrer\">#Desinforma\u00e7\u00e3o<\/a> via BBC News Brasil <a target=\"_blank\" href=\"https:\/\/t.co\/nISpsTJ6Qp\" rel=\"noopener noreferrer\">https:\/\/t.co\/nISpsTJ6Qp<\/a><\/p>\n<p>&mdash; Pedro Andretta (@pedroisandretta) <a target=\"_blank\" href=\"https:\/\/twitter.com\/pedroisandretta\/status\/1284252302627528705?ref_src=twsrc%5Etfw\" rel=\"noopener noreferrer\">July 17, 2020<\/a><\/p><\/blockquote>\n<p><script async src=\"https:\/\/platform.twitter.com\/widgets.js\" charset=\"utf-8\"><\/script><\/p>\n<p>[ad_2]<br \/>\n<br \/><a href=\"https:\/\/twitter.com\/pedroisandretta\/statuses\/1284252302627528705\">Fonte<\/a> : Projeto <a href=\"https:\/\/www.pedroandretta.info\/informeci\">Informe-CI<\/a><\/p>\n","protected":false},"excerpt":{"rendered":"<p>[ad_1] PL das fake news pode acirrar polariza\u00e7\u00e3o pol\u00edtica, diz pesquisador | \u201cPara Brito Cruz, o debate sobre as not\u00edcias falsas &quot;abre espa\u00e7o para controle de discurso&quot;. #LeiDasFakeNews #Pol\u00edtica #Desinforma\u00e7\u00e3o via BBC News Brasil https:\/\/t.co\/nISpsTJ6Qp &mdash; Pedro Andretta (@pedroisandretta) July 17, 2020 [ad_2] Fonte : Projeto Informe-CI<\/p>\n","protected":false},"author":1,"featured_media":0,"comment_status":"open","ping_status":"open","sticky":false,"template":"","format":"standard","meta":{"_jetpack_memberships_contains_paid_content":false,"footnotes":"","jetpack_publicize_message":"","jetpack_publicize_feature_enabled":true,"jetpack_social_post_already_shared":true,"jetpack_social_options":{"image_generator_settings":{"template":"highway","default_image_id":0,"font":"","enabled":false},"version":2}},"categories":[21],"tags":[142,1048,412],"class_list":["post-6494","post","type-post","status-publish","format-standard","hentry","category-informeci","tag-desinformacao","tag-leidasfakenews","tag-politica"],"jetpack_publicize_connections":[],"jetpack_featured_media_url":"","views":"","jetpack_sharing_enabled":true,"_links":{"self":[{"href":"https:\/\/www.pedroandretta.info\/index\/wp-json\/wp\/v2\/posts\/6494","targetHints":{"allow":["GET"]}}],"collection":[{"href":"https:\/\/www.pedroandretta.info\/index\/wp-json\/wp\/v2\/posts"}],"about":[{"href":"https:\/\/www.pedroandretta.info\/index\/wp-json\/wp\/v2\/types\/post"}],"author":[{"embeddable":true,"href":"https:\/\/www.pedroandretta.info\/index\/wp-json\/wp\/v2\/users\/1"}],"replies":[{"embeddable":true,"href":"https:\/\/www.pedroandretta.info\/index\/wp-json\/wp\/v2\/comments?post=6494"}],"version-history":[{"count":0,"href":"https:\/\/www.pedroandretta.info\/index\/wp-json\/wp\/v2\/posts\/6494\/revisions"}],"wp:attachment":[{"href":"https:\/\/www.pedroandretta.info\/index\/wp-json\/wp\/v2\/media?parent=6494"}],"wp:term":[{"taxonomy":"category","embeddable":true,"href":"https:\/\/www.pedroandretta.info\/index\/wp-json\/wp\/v2\/categories?post=6494"},{"taxonomy":"post_tag","embeddable":true,"href":"https:\/\/www.pedroandretta.info\/index\/wp-json\/wp\/v2\/tags?post=6494"}],"curies":[{"name":"wp","href":"https:\/\/api.w.org\/{rel}","templated":true}]}}