{"id":6505,"date":"2020-07-20T00:34:09","date_gmt":"2020-07-20T04:34:09","guid":{"rendered":"https:\/\/www.pedroandretta.info\/index\/?p=6505"},"modified":"2020-07-20T00:34:09","modified_gmt":"2020-07-20T04:34:09","slug":"o-valor-de-um-curriculo-academico-por-alcir-pecora-e-marcelo-knobel-uma-dem","status":"publish","type":"post","link":"https:\/\/www.pedroandretta.info\/index\/2020\/07\/o-valor-de-um-curriculo-academico-por-alcir-pecora-e-marcelo-knobel-uma-dem\/","title":{"rendered":"O valor de um #curr\u00edculo acad\u00eamico, por Alcir P\u00e9cora e Marcelo Knobel | \u201cUma dem&#8230;"},"content":{"rendered":"<p>[ad_1]<br \/>\n<img decoding=\"async\" src=\"https:\/\/www.unicamp.br\"\/><\/p>\n<blockquote class=\"twitter-tweet\">\n<p lang=\"pt\" dir=\"ltr\">O valor de um <a target=\"_blank\" href=\"https:\/\/twitter.com\/hashtag\/curr%C3%ADculo?src=hash&amp;ref_src=twsrc%5Etfw\" rel=\"noopener noreferrer\">#curr\u00edculo<\/a> acad\u00eamico, por Alcir P\u00e9cora e Marcelo Knobel | \u201cUma democracia est\u00e1 obrigada a investir em infraestrutura, projetos e quadros das <a target=\"_blank\" href=\"https:\/\/twitter.com\/hashtag\/UniversidadesP%C3%BAblicas?src=hash&amp;ref_src=twsrc%5Etfw\" rel=\"noopener noreferrer\">#UniversidadesP\u00fablicas<\/a>, um patrim\u00f4nio de todos.\u201c <a target=\"_blank\" href=\"https:\/\/twitter.com\/hashtag\/Professores?src=hash&amp;ref_src=twsrc%5Etfw\" rel=\"noopener noreferrer\">#Professores<\/a>  \u2066<a target=\"_blank\" href=\"https:\/\/twitter.com\/marceloknobel?ref_src=twsrc%5Etfw\" rel=\"noopener noreferrer\">@marceloknobel<\/a>\u2069 via Unicamp <a target=\"_blank\" href=\"https:\/\/t.co\/b0WFo0bnx6\" rel=\"noopener noreferrer\">https:\/\/t.co\/b0WFo0bnx6<\/a><\/p>\n<p>&mdash; Pedro Andretta (@pedroisandretta) <a target=\"_blank\" href=\"https:\/\/twitter.com\/pedroisandretta\/status\/1285070466978390017?ref_src=twsrc%5Etfw\" rel=\"noopener noreferrer\">July 20, 2020<\/a><\/p><\/blockquote>\n<p><script async src=\"https:\/\/platform.twitter.com\/widgets.js\" charset=\"utf-8\"><\/script><\/p>\n<p>[ad_2]<br \/>\n<br \/><a href=\"https:\/\/twitter.com\/pedroisandretta\/statuses\/1285070466978390017\">Fonte<\/a> : Projeto <a href=\"https:\/\/www.pedroandretta.info\/informeci\">Informe-CI<\/a><\/p>\n","protected":false},"excerpt":{"rendered":"<p>[ad_1] O valor de um #curr\u00edculo acad\u00eamico, por Alcir P\u00e9cora e Marcelo Knobel | \u201cUma democracia est\u00e1 obrigada a investir em infraestrutura, projetos e quadros das #UniversidadesP\u00fablicas, um patrim\u00f4nio de todos.\u201c #Professores \u2066@marceloknobel\u2069 via Unicamp https:\/\/t.co\/b0WFo0bnx6 &mdash; Pedro Andretta (@pedroisandretta) July 20, 2020 [ad_2] Fonte : Projeto Informe-CI<\/p>\n","protected":false},"author":1,"featured_media":0,"comment_status":"open","ping_status":"open","sticky":false,"template":"","format":"standard","meta":{"_jetpack_memberships_contains_paid_content":false,"footnotes":"","jetpack_publicize_message":"","jetpack_publicize_feature_enabled":true,"jetpack_social_post_already_shared":true,"jetpack_social_options":{"image_generator_settings":{"template":"highway","default_image_id":0,"font":"","enabled":false},"version":2}},"categories":[21],"tags":[1158,44,819],"class_list":["post-6505","post","type-post","status-publish","format-standard","hentry","category-informeci","tag-curriculo","tag-professores","tag-universidadespublicas"],"jetpack_publicize_connections":[],"jetpack_featured_media_url":"","views":"","jetpack_sharing_enabled":true,"_links":{"self":[{"href":"https:\/\/www.pedroandretta.info\/index\/wp-json\/wp\/v2\/posts\/6505","targetHints":{"allow":["GET"]}}],"collection":[{"href":"https:\/\/www.pedroandretta.info\/index\/wp-json\/wp\/v2\/posts"}],"about":[{"href":"https:\/\/www.pedroandretta.info\/index\/wp-json\/wp\/v2\/types\/post"}],"author":[{"embeddable":true,"href":"https:\/\/www.pedroandretta.info\/index\/wp-json\/wp\/v2\/users\/1"}],"replies":[{"embeddable":true,"href":"https:\/\/www.pedroandretta.info\/index\/wp-json\/wp\/v2\/comments?post=6505"}],"version-history":[{"count":0,"href":"https:\/\/www.pedroandretta.info\/index\/wp-json\/wp\/v2\/posts\/6505\/revisions"}],"wp:attachment":[{"href":"https:\/\/www.pedroandretta.info\/index\/wp-json\/wp\/v2\/media?parent=6505"}],"wp:term":[{"taxonomy":"category","embeddable":true,"href":"https:\/\/www.pedroandretta.info\/index\/wp-json\/wp\/v2\/categories?post=6505"},{"taxonomy":"post_tag","embeddable":true,"href":"https:\/\/www.pedroandretta.info\/index\/wp-json\/wp\/v2\/tags?post=6505"}],"curies":[{"name":"wp","href":"https:\/\/api.w.org\/{rel}","templated":true}]}}