{"id":6520,"date":"2020-07-20T14:28:48","date_gmt":"2020-07-20T18:28:48","guid":{"rendered":"https:\/\/www.pedroandretta.info\/index\/?p=6520"},"modified":"2020-07-20T14:28:48","modified_gmt":"2020-07-20T18:28:48","slug":"pessoas-tendem-a-evitar-consumir-noticias-em-paises-com-democracia-ameacada","status":"publish","type":"post","link":"https:\/\/www.pedroandretta.info\/index\/2020\/07\/pessoas-tendem-a-evitar-consumir-noticias-em-paises-com-democracia-ameacada\/","title":{"rendered":"Pessoas tendem a evitar consumir #not\u00edcias em pa\u00edses com democracia amea\u00e7ada | \u201c&#8230;"},"content":{"rendered":"<p>[ad_1]<br \/>\n<img data-recalc-dims=\"1\" decoding=\"async\" src=\"https:\/\/i0.wp.com\/www.pedroandretta.info\/index\/wp-content\/uploads\/2020\/06\/Pandemia-aponta-para-aumento-de-consumo-do-jornalismo-digital.jpg?w=696&#038;ssl=1\"\/><\/p>\n<blockquote class=\"twitter-tweet\">\n<p lang=\"pt\" dir=\"ltr\">Pessoas tendem a evitar consumir <a target=\"_blank\" href=\"https:\/\/twitter.com\/hashtag\/not%C3%ADcias?src=hash&amp;ref_src=twsrc%5Etfw\" rel=\"noopener noreferrer\">#not\u00edcias<\/a> em pa\u00edses com democracia amea\u00e7ada | \u201c[&#8230;] o que chama a aten\u00e7\u00e3o na pesquisa, [&#8230;], \u00e9 o fato de que pessoas jovens tendem a evitar consumir not\u00edcias intencionalmente [&#8230;]\u201d <a target=\"_blank\" href=\"https:\/\/twitter.com\/hashtag\/comportamento?src=hash&amp;ref_src=twsrc%5Etfw\" rel=\"noopener noreferrer\">#comportamento<\/a>  via  Jornal da USP <a target=\"_blank\" href=\"https:\/\/t.co\/EfL2ojsxOQ\" rel=\"noopener noreferrer\">https:\/\/t.co\/EfL2ojsxOQ<\/a><\/p>\n<p>&mdash; Pedro Andretta (@pedroisandretta) <a target=\"_blank\" href=\"https:\/\/twitter.com\/pedroisandretta\/status\/1285280515378085890?ref_src=twsrc%5Etfw\" rel=\"noopener noreferrer\">July 20, 2020<\/a><\/p><\/blockquote>\n<p><script async src=\"https:\/\/platform.twitter.com\/widgets.js\" charset=\"utf-8\"><\/script><\/p>\n<p>[ad_2]<br \/>\n<br \/><a href=\"https:\/\/twitter.com\/pedroisandretta\/statuses\/1285280515378085890\">Fonte<\/a> : Projeto <a href=\"https:\/\/www.pedroandretta.info\/informeci\">Informe-CI<\/a><\/p>\n","protected":false},"excerpt":{"rendered":"<p>[ad_1] Pessoas tendem a evitar consumir #not\u00edcias em pa\u00edses com democracia amea\u00e7ada | \u201c[&#8230;] o que chama a aten\u00e7\u00e3o na pesquisa, [&#8230;], \u00e9 o fato de que pessoas jovens tendem a evitar consumir not\u00edcias intencionalmente [&#8230;]\u201d #comportamento via Jornal da USP https:\/\/t.co\/EfL2ojsxOQ &mdash; Pedro Andretta (@pedroisandretta) July 20, 2020 [ad_2] Fonte : Projeto Informe-CI<\/p>\n","protected":false},"author":1,"featured_media":6177,"comment_status":"open","ping_status":"open","sticky":false,"template":"","format":"standard","meta":{"_jetpack_memberships_contains_paid_content":false,"footnotes":"","jetpack_publicize_message":"","jetpack_publicize_feature_enabled":true,"jetpack_social_post_already_shared":true,"jetpack_social_options":{"image_generator_settings":{"template":"highway","default_image_id":0,"font":"","enabled":false},"version":2}},"categories":[21],"tags":[1164,1163],"class_list":["post-6520","post","type-post","status-publish","format-standard","has-post-thumbnail","hentry","category-informeci","tag-comportamento","tag-noticias"],"jetpack_publicize_connections":[],"jetpack_featured_media_url":"https:\/\/i0.wp.com\/www.pedroandretta.info\/index\/wp-content\/uploads\/2020\/06\/Pandemia-aponta-para-aumento-de-consumo-do-jornalismo-digital.jpg?fit=1400%2C1400&ssl=1","views":"","jetpack_sharing_enabled":true,"_links":{"self":[{"href":"https:\/\/www.pedroandretta.info\/index\/wp-json\/wp\/v2\/posts\/6520","targetHints":{"allow":["GET"]}}],"collection":[{"href":"https:\/\/www.pedroandretta.info\/index\/wp-json\/wp\/v2\/posts"}],"about":[{"href":"https:\/\/www.pedroandretta.info\/index\/wp-json\/wp\/v2\/types\/post"}],"author":[{"embeddable":true,"href":"https:\/\/www.pedroandretta.info\/index\/wp-json\/wp\/v2\/users\/1"}],"replies":[{"embeddable":true,"href":"https:\/\/www.pedroandretta.info\/index\/wp-json\/wp\/v2\/comments?post=6520"}],"version-history":[{"count":0,"href":"https:\/\/www.pedroandretta.info\/index\/wp-json\/wp\/v2\/posts\/6520\/revisions"}],"wp:featuredmedia":[{"embeddable":true,"href":"https:\/\/www.pedroandretta.info\/index\/wp-json\/wp\/v2\/media\/6177"}],"wp:attachment":[{"href":"https:\/\/www.pedroandretta.info\/index\/wp-json\/wp\/v2\/media?parent=6520"}],"wp:term":[{"taxonomy":"category","embeddable":true,"href":"https:\/\/www.pedroandretta.info\/index\/wp-json\/wp\/v2\/categories?post=6520"},{"taxonomy":"post_tag","embeddable":true,"href":"https:\/\/www.pedroandretta.info\/index\/wp-json\/wp\/v2\/tags?post=6520"}],"curies":[{"name":"wp","href":"https:\/\/api.w.org\/{rel}","templated":true}]}}