{"id":6521,"date":"2020-07-20T20:06:20","date_gmt":"2020-07-21T00:06:20","guid":{"rendered":"https:\/\/www.pedroandretta.info\/index\/?p=6521"},"modified":"2020-07-20T20:06:20","modified_gmt":"2020-07-21T00:06:20","slug":"livro-o-cortico-e-devolvido-a-biblioteca-municipal-de-pedro-leopoldo-mais-de-2","status":"publish","type":"post","link":"https:\/\/www.pedroandretta.info\/index\/2020\/07\/livro-o-cortico-e-devolvido-a-biblioteca-municipal-de-pedro-leopoldo-mais-de-2\/","title":{"rendered":"Livro &#8216;O Corti\u00e7o&#8217; \u00e9 devolvido \u00e0 Biblioteca Municipal de Pedro Leopoldo mais de 2&#8230;"},"content":{"rendered":"<p>[ad_1]<br \/>\n<img data-recalc-dims=\"1\" decoding=\"async\" src=\"https:\/\/i0.wp.com\/www.pedroandretta.info\/index\/wp-content\/uploads\/2020\/07\/Livro-O-Cortico-e-devolvido-a-Biblioteca-Municipal-de-Pedro.jpg?w=696&#038;ssl=1\"\/><\/p>\n<blockquote class=\"twitter-tweet\">\n<p lang=\"pt\" dir=\"ltr\">Livro &#39;O Corti\u00e7o&#39; \u00e9 devolvido \u00e0 Biblioteca Municipal de Pedro Leopoldo mais de 20 anos depois do <a target=\"_blank\" href=\"https:\/\/twitter.com\/hashtag\/empr%C3%A9stimo?src=hash&amp;ref_src=twsrc%5Etfw\" rel=\"noopener noreferrer\">#empr\u00e9stimo<\/a> | \u201cAntes de voltar \u00e0 prateleira, \u201cO Corti\u00e7o\u201d viajante vai passar um tempo em quarentena.\u201d via G1 <a target=\"_blank\" href=\"https:\/\/t.co\/6kO2hwy8Uv\" rel=\"noopener noreferrer\">https:\/\/t.co\/6kO2hwy8Uv<\/a><\/p>\n<p>&mdash; Pedro Andretta (@pedroisandretta) <a target=\"_blank\" href=\"https:\/\/twitter.com\/pedroisandretta\/status\/1285365457634103297?ref_src=twsrc%5Etfw\" rel=\"noopener noreferrer\">July 21, 2020<\/a><\/p><\/blockquote>\n<p><script async src=\"https:\/\/platform.twitter.com\/widgets.js\" charset=\"utf-8\"><\/script><\/p>\n<p>[ad_2]<br \/>\n<br \/><a href=\"https:\/\/twitter.com\/pedroisandretta\/statuses\/1285365457634103297\">Fonte<\/a> : Projeto <a href=\"https:\/\/www.pedroandretta.info\/informeci\">Informe-CI<\/a><\/p>\n","protected":false},"excerpt":{"rendered":"<p>[ad_1] Livro &#39;O Corti\u00e7o&#39; \u00e9 devolvido \u00e0 Biblioteca Municipal de Pedro Leopoldo mais de 20 anos depois do #empr\u00e9stimo | \u201cAntes de voltar \u00e0 prateleira, \u201cO Corti\u00e7o\u201d viajante vai passar um tempo em quarentena.\u201d via G1 https:\/\/t.co\/6kO2hwy8Uv &mdash; Pedro Andretta (@pedroisandretta) July 21, 2020 [ad_2] Fonte : Projeto Informe-CI<\/p>\n","protected":false},"author":1,"featured_media":6522,"comment_status":"open","ping_status":"open","sticky":false,"template":"","format":"standard","meta":{"_jetpack_memberships_contains_paid_content":false,"footnotes":"","jetpack_publicize_message":"","jetpack_publicize_feature_enabled":true,"jetpack_social_post_already_shared":true,"jetpack_social_options":{"image_generator_settings":{"template":"highway","default_image_id":0,"font":"","enabled":false},"version":2}},"categories":[21],"tags":[1165],"class_list":["post-6521","post","type-post","status-publish","format-standard","has-post-thumbnail","hentry","category-informeci","tag-emprestimo"],"jetpack_publicize_connections":[],"jetpack_featured_media_url":"https:\/\/i0.wp.com\/www.pedroandretta.info\/index\/wp-content\/uploads\/2020\/07\/Livro-O-Cortico-e-devolvido-a-Biblioteca-Municipal-de-Pedro.jpg?fit=1200%2C1584&ssl=1","views":"","jetpack_sharing_enabled":true,"_links":{"self":[{"href":"https:\/\/www.pedroandretta.info\/index\/wp-json\/wp\/v2\/posts\/6521","targetHints":{"allow":["GET"]}}],"collection":[{"href":"https:\/\/www.pedroandretta.info\/index\/wp-json\/wp\/v2\/posts"}],"about":[{"href":"https:\/\/www.pedroandretta.info\/index\/wp-json\/wp\/v2\/types\/post"}],"author":[{"embeddable":true,"href":"https:\/\/www.pedroandretta.info\/index\/wp-json\/wp\/v2\/users\/1"}],"replies":[{"embeddable":true,"href":"https:\/\/www.pedroandretta.info\/index\/wp-json\/wp\/v2\/comments?post=6521"}],"version-history":[{"count":0,"href":"https:\/\/www.pedroandretta.info\/index\/wp-json\/wp\/v2\/posts\/6521\/revisions"}],"wp:featuredmedia":[{"embeddable":true,"href":"https:\/\/www.pedroandretta.info\/index\/wp-json\/wp\/v2\/media\/6522"}],"wp:attachment":[{"href":"https:\/\/www.pedroandretta.info\/index\/wp-json\/wp\/v2\/media?parent=6521"}],"wp:term":[{"taxonomy":"category","embeddable":true,"href":"https:\/\/www.pedroandretta.info\/index\/wp-json\/wp\/v2\/categories?post=6521"},{"taxonomy":"post_tag","embeddable":true,"href":"https:\/\/www.pedroandretta.info\/index\/wp-json\/wp\/v2\/tags?post=6521"}],"curies":[{"name":"wp","href":"https:\/\/api.w.org\/{rel}","templated":true}]}}