{"id":6531,"date":"2020-07-22T01:13:48","date_gmt":"2020-07-22T05:13:48","guid":{"rendered":"https:\/\/www.pedroandretta.info\/index\/?p=6531"},"modified":"2020-07-22T01:13:48","modified_gmt":"2020-07-22T05:13:48","slug":"camara-aprova-em-dois-turnos-texto-do-novo-fundeb-segundo-os-calculos-da-ent","status":"publish","type":"post","link":"https:\/\/www.pedroandretta.info\/index\/2020\/07\/camara-aprova-em-dois-turnos-texto-do-novo-fundeb-segundo-os-calculos-da-ent\/","title":{"rendered":"C\u00e2mara aprova em dois turnos texto do novo #Fundeb | \u201cSegundo os c\u00e1lculos da ent&#8230;"},"content":{"rendered":"<p>[ad_1]<\/p>\n<blockquote class=\"twitter-tweet\">\n<p lang=\"pt\" dir=\"ltr\">C\u00e2mara aprova em dois turnos texto do novo <a target=\"_blank\" href=\"https:\/\/twitter.com\/hashtag\/Fundeb?src=hash&amp;ref_src=twsrc%5Etfw\" rel=\"noopener noreferrer\">#Fundeb<\/a> | \u201cSegundo os c\u00e1lculos da entidade [ Todos pela Educa\u00e7\u00e3o ] , o valor m\u00ednimo investido por aluno por ano alcan\u00e7ar\u00e1, em 2026, R$5.700, ante os R$3.700 atuais.\u201d via O Globo <a target=\"_blank\" href=\"https:\/\/t.co\/rVs01FIpG3\" rel=\"noopener noreferrer\">https:\/\/t.co\/rVs01FIpG3<\/a><\/p>\n<p>&mdash; Pedro Andretta (@pedroisandretta) <a target=\"_blank\" href=\"https:\/\/twitter.com\/pedroisandretta\/status\/1285805220732297219?ref_src=twsrc%5Etfw\" rel=\"noopener noreferrer\">July 22, 2020<\/a><\/p><\/blockquote>\n<p><script async src=\"https:\/\/platform.twitter.com\/widgets.js\" charset=\"utf-8\"><\/script><\/p>\n<p>[ad_2]<br \/>\n<br \/><a href=\"https:\/\/twitter.com\/pedroisandretta\/statuses\/1285805220732297219\">Fonte<\/a> : Projeto <a href=\"https:\/\/www.pedroandretta.info\/informeci\">Informe-CI<\/a><\/p>\n","protected":false},"excerpt":{"rendered":"<p>[ad_1] C\u00e2mara aprova em dois turnos texto do novo #Fundeb | \u201cSegundo os c\u00e1lculos da entidade [ Todos pela Educa\u00e7\u00e3o ] , o valor m\u00ednimo investido por aluno por ano alcan\u00e7ar\u00e1, em 2026, R$5.700, ante os R$3.700 atuais.\u201d via O Globo https:\/\/t.co\/rVs01FIpG3 &mdash; Pedro Andretta (@pedroisandretta) July 22, 2020 [ad_2] Fonte : Projeto Informe-CI<\/p>\n","protected":false},"author":1,"featured_media":0,"comment_status":"open","ping_status":"open","sticky":false,"template":"","format":"standard","meta":{"_jetpack_memberships_contains_paid_content":false,"footnotes":"","jetpack_publicize_message":"","jetpack_publicize_feature_enabled":true,"jetpack_social_post_already_shared":true,"jetpack_social_options":{"image_generator_settings":{"template":"highway","default_image_id":0,"font":"","enabled":false},"version":2}},"categories":[21],"tags":[1168],"class_list":["post-6531","post","type-post","status-publish","format-standard","hentry","category-informeci","tag-fundeb"],"jetpack_publicize_connections":[],"jetpack_featured_media_url":"","views":"","jetpack_sharing_enabled":true,"_links":{"self":[{"href":"https:\/\/www.pedroandretta.info\/index\/wp-json\/wp\/v2\/posts\/6531","targetHints":{"allow":["GET"]}}],"collection":[{"href":"https:\/\/www.pedroandretta.info\/index\/wp-json\/wp\/v2\/posts"}],"about":[{"href":"https:\/\/www.pedroandretta.info\/index\/wp-json\/wp\/v2\/types\/post"}],"author":[{"embeddable":true,"href":"https:\/\/www.pedroandretta.info\/index\/wp-json\/wp\/v2\/users\/1"}],"replies":[{"embeddable":true,"href":"https:\/\/www.pedroandretta.info\/index\/wp-json\/wp\/v2\/comments?post=6531"}],"version-history":[{"count":0,"href":"https:\/\/www.pedroandretta.info\/index\/wp-json\/wp\/v2\/posts\/6531\/revisions"}],"wp:attachment":[{"href":"https:\/\/www.pedroandretta.info\/index\/wp-json\/wp\/v2\/media?parent=6531"}],"wp:term":[{"taxonomy":"category","embeddable":true,"href":"https:\/\/www.pedroandretta.info\/index\/wp-json\/wp\/v2\/categories?post=6531"},{"taxonomy":"post_tag","embeddable":true,"href":"https:\/\/www.pedroandretta.info\/index\/wp-json\/wp\/v2\/tags?post=6531"}],"curies":[{"name":"wp","href":"https:\/\/api.w.org\/{rel}","templated":true}]}}