{"id":6577,"date":"2020-07-24T20:19:13","date_gmt":"2020-07-25T00:19:13","guid":{"rendered":"https:\/\/www.pedroandretta.info\/index\/?p=6577"},"modified":"2020-07-24T20:19:13","modified_gmt":"2020-07-25T00:19:13","slug":"analise-das-politicas-publicas-para-as-bibliotecaspublicas-no-brasil-e","status":"publish","type":"post","link":"https:\/\/www.pedroandretta.info\/index\/2020\/07\/analise-das-politicas-publicas-para-as-bibliotecaspublicas-no-brasil-e\/","title":{"rendered":"An\u00e1lise das pol\u00edticas p\u00fablicas para as #BibliotecasP\u00fablicas no Brasil | \u201c[&#8230;] e&#8230;"},"content":{"rendered":"<p>[ad_1]<\/p>\n<blockquote class=\"twitter-tweet\">\n<p lang=\"pt\" dir=\"ltr\">An\u00e1lise das pol\u00edticas p\u00fablicas para as <a target=\"_blank\" href=\"https:\/\/twitter.com\/hashtag\/BibliotecasP%C3%BAblicas?src=hash&amp;ref_src=twsrc%5Etfw\" rel=\"noopener noreferrer\">#BibliotecasP\u00fablicas<\/a> no Brasil | \u201c[&#8230;] em um per\u00edodo de 81 anos, compreendido entre os anos de 1937 e 2018, o Governo Federal brasileiro instituiu 13 <a target=\"_blank\" href=\"https:\/\/twitter.com\/hashtag\/Pol%C3%ADticasP%C3%BAblicas?src=hash&amp;ref_src=twsrc%5Etfw\" rel=\"noopener noreferrer\">#Pol\u00edticasP\u00fablicas<\/a> destinadas \u00e0s Bibliotecas P\u00fablicas\u201d. <a target=\"_blank\" href=\"https:\/\/t.co\/qWb6z71Pfp\" rel=\"noopener noreferrer\">https:\/\/t.co\/qWb6z71Pfp<\/a> <a target=\"_blank\" href=\"https:\/\/t.co\/DymEY48hRt\" rel=\"noopener noreferrer\">pic.twitter.com\/DymEY48hRt<\/a><\/p>\n<p>&mdash; Pedro Andretta (@pedroisandretta) <a target=\"_blank\" href=\"https:\/\/twitter.com\/pedroisandretta\/status\/1286818250463096833?ref_src=twsrc%5Etfw\" rel=\"noopener noreferrer\">July 25, 2020<\/a><\/p><\/blockquote>\n<p><script async src=\"https:\/\/platform.twitter.com\/widgets.js\" charset=\"utf-8\"><\/script><\/p>\n<p>[ad_2]<br \/>\n<br \/><a href=\"https:\/\/twitter.com\/pedroisandretta\/statuses\/1286818250463096833\">Fonte<\/a> : Projeto <a href=\"https:\/\/www.pedroandretta.info\/informeci\">Informe-CI<\/a><\/p>\n","protected":false},"excerpt":{"rendered":"<p>[ad_1] An\u00e1lise das pol\u00edticas p\u00fablicas para as #BibliotecasP\u00fablicas no Brasil | \u201c[&#8230;] em um per\u00edodo de 81 anos, compreendido entre os anos de 1937 e 2018, o Governo Federal brasileiro instituiu 13 #Pol\u00edticasP\u00fablicas destinadas \u00e0s Bibliotecas P\u00fablicas\u201d. https:\/\/t.co\/qWb6z71Pfp pic.twitter.com\/DymEY48hRt &mdash; Pedro Andretta (@pedroisandretta) July 25, 2020 [ad_2] Fonte : Projeto Informe-CI<\/p>\n","protected":false},"author":1,"featured_media":6578,"comment_status":"open","ping_status":"open","sticky":false,"template":"","format":"standard","meta":{"_jetpack_memberships_contains_paid_content":false,"footnotes":"","jetpack_publicize_message":"","jetpack_publicize_feature_enabled":true,"jetpack_social_post_already_shared":true,"jetpack_social_options":{"image_generator_settings":{"template":"highway","default_image_id":0,"font":"","enabled":false},"version":2}},"categories":[21],"tags":[39,449],"class_list":["post-6577","post","type-post","status-publish","format-standard","has-post-thumbnail","hentry","category-informeci","tag-bibliotecaspublicas","tag-politicaspublicas"],"jetpack_publicize_connections":[],"jetpack_featured_media_url":"https:\/\/i0.wp.com\/www.pedroandretta.info\/index\/wp-content\/uploads\/2020\/07\/Analise-das-politicas-publicas-para-as-BibliotecasPublicas-no-Brasil.jpg?fit=610%2C870&ssl=1","views":"","jetpack_sharing_enabled":true,"_links":{"self":[{"href":"https:\/\/www.pedroandretta.info\/index\/wp-json\/wp\/v2\/posts\/6577","targetHints":{"allow":["GET"]}}],"collection":[{"href":"https:\/\/www.pedroandretta.info\/index\/wp-json\/wp\/v2\/posts"}],"about":[{"href":"https:\/\/www.pedroandretta.info\/index\/wp-json\/wp\/v2\/types\/post"}],"author":[{"embeddable":true,"href":"https:\/\/www.pedroandretta.info\/index\/wp-json\/wp\/v2\/users\/1"}],"replies":[{"embeddable":true,"href":"https:\/\/www.pedroandretta.info\/index\/wp-json\/wp\/v2\/comments?post=6577"}],"version-history":[{"count":0,"href":"https:\/\/www.pedroandretta.info\/index\/wp-json\/wp\/v2\/posts\/6577\/revisions"}],"wp:featuredmedia":[{"embeddable":true,"href":"https:\/\/www.pedroandretta.info\/index\/wp-json\/wp\/v2\/media\/6578"}],"wp:attachment":[{"href":"https:\/\/www.pedroandretta.info\/index\/wp-json\/wp\/v2\/media?parent=6577"}],"wp:term":[{"taxonomy":"category","embeddable":true,"href":"https:\/\/www.pedroandretta.info\/index\/wp-json\/wp\/v2\/categories?post=6577"},{"taxonomy":"post_tag","embeddable":true,"href":"https:\/\/www.pedroandretta.info\/index\/wp-json\/wp\/v2\/tags?post=6577"}],"curies":[{"name":"wp","href":"https:\/\/api.w.org\/{rel}","templated":true}]}}