{"id":6579,"date":"2020-07-24T20:18:27","date_gmt":"2020-07-25T00:18:27","guid":{"rendered":"https:\/\/www.pedroandretta.info\/index\/?p=6579"},"modified":"2020-07-24T20:18:27","modified_gmt":"2020-07-25T00:18:27","slug":"livro-da-magnolia-cartonera-alcancou-o-2o-lugar-no-ranking-geral-de-mais-vendido","status":"publish","type":"post","link":"https:\/\/www.pedroandretta.info\/index\/2020\/07\/livro-da-magnolia-cartonera-alcancou-o-2o-lugar-no-ranking-geral-de-mais-vendido\/","title":{"rendered":"Livro da Magnolia Cartonera alcan\u00e7ou o 2\u00ba lugar no ranking geral de mais vendido&#8230;"},"content":{"rendered":"<p>[ad_1]<\/p>\n<blockquote class=\"twitter-tweet\">\n<p lang=\"pt\" dir=\"ltr\">Livro da Magnolia Cartonera alcan\u00e7ou o 2\u00ba lugar no ranking geral de mais vendidos da <a target=\"_blank\" href=\"https:\/\/twitter.com\/hashtag\/Amazon?src=hash&amp;ref_src=twsrc%5Etfw\" rel=\"noopener noreferrer\">#Amazon<\/a> em Biblioteca e Ci\u00eancia da Informa\u00e7\u00e3o, Pol\u00edtica e Ci\u00eancias Sociais | Parab\u00e9ns a Magn\u00f3lia e fica a dica: coloquem seus e-books na Amazon! via Bibliotecas do Brasil <a target=\"_blank\" href=\"https:\/\/t.co\/l1bmfgfvPk\" rel=\"noopener noreferrer\">https:\/\/t.co\/l1bmfgfvPk<\/a><\/p>\n<p>&mdash; Pedro Andretta (@pedroisandretta) <a target=\"_blank\" href=\"https:\/\/twitter.com\/pedroisandretta\/status\/1286818056514293761?ref_src=twsrc%5Etfw\" rel=\"noopener noreferrer\">July 25, 2020<\/a><\/p><\/blockquote>\n<p><script async src=\"https:\/\/platform.twitter.com\/widgets.js\" charset=\"utf-8\"><\/script><\/p>\n<p>[ad_2]<br \/>\n<br \/><a href=\"https:\/\/twitter.com\/pedroisandretta\/statuses\/1286818056514293761\">Fonte<\/a> : Projeto <a href=\"https:\/\/www.pedroandretta.info\/informeci\">Informe-CI<\/a><\/p>\n","protected":false},"excerpt":{"rendered":"<p>[ad_1] Livro da Magnolia Cartonera alcan\u00e7ou o 2\u00ba lugar no ranking geral de mais vendidos da #Amazon em Biblioteca e Ci\u00eancia da Informa\u00e7\u00e3o, Pol\u00edtica e Ci\u00eancias Sociais | Parab\u00e9ns a Magn\u00f3lia e fica a dica: coloquem seus e-books na Amazon! via Bibliotecas do Brasil https:\/\/t.co\/l1bmfgfvPk &mdash; Pedro Andretta (@pedroisandretta) July 25, 2020 [ad_2] Fonte :<\/p><\/div>\n<div class=\"blog-btn\"><a href=\"https:\/\/www.pedroandretta.info\/index\/2020\/07\/livro-da-magnolia-cartonera-alcancou-o-2o-lugar-no-ranking-geral-de-mais-vendido\/\" class=\"home-blog-btn\">Ler mais<\/a><\/p>\n","protected":false},"author":1,"featured_media":0,"comment_status":"open","ping_status":"open","sticky":false,"template":"","format":"standard","meta":{"_jetpack_memberships_contains_paid_content":false,"footnotes":"","jetpack_publicize_message":"","jetpack_publicize_feature_enabled":true,"jetpack_social_post_already_shared":true,"jetpack_social_options":{"image_generator_settings":{"template":"highway","default_image_id":0,"font":"","enabled":false},"version":2}},"categories":[21],"tags":[521],"class_list":["post-6579","post","type-post","status-publish","format-standard","hentry","category-informeci","tag-amazon"],"jetpack_publicize_connections":[],"jetpack_featured_media_url":"","views":"","jetpack_sharing_enabled":true,"_links":{"self":[{"href":"https:\/\/www.pedroandretta.info\/index\/wp-json\/wp\/v2\/posts\/6579","targetHints":{"allow":["GET"]}}],"collection":[{"href":"https:\/\/www.pedroandretta.info\/index\/wp-json\/wp\/v2\/posts"}],"about":[{"href":"https:\/\/www.pedroandretta.info\/index\/wp-json\/wp\/v2\/types\/post"}],"author":[{"embeddable":true,"href":"https:\/\/www.pedroandretta.info\/index\/wp-json\/wp\/v2\/users\/1"}],"replies":[{"embeddable":true,"href":"https:\/\/www.pedroandretta.info\/index\/wp-json\/wp\/v2\/comments?post=6579"}],"version-history":[{"count":0,"href":"https:\/\/www.pedroandretta.info\/index\/wp-json\/wp\/v2\/posts\/6579\/revisions"}],"wp:attachment":[{"href":"https:\/\/www.pedroandretta.info\/index\/wp-json\/wp\/v2\/media?parent=6579"}],"wp:term":[{"taxonomy":"category","embeddable":true,"href":"https:\/\/www.pedroandretta.info\/index\/wp-json\/wp\/v2\/categories?post=6579"},{"taxonomy":"post_tag","embeddable":true,"href":"https:\/\/www.pedroandretta.info\/index\/wp-json\/wp\/v2\/tags?post=6579"}],"curies":[{"name":"wp","href":"https:\/\/api.w.org\/{rel}","templated":true}]}}