{"id":6594,"date":"2020-07-27T03:59:38","date_gmt":"2020-07-27T07:59:38","guid":{"rendered":"https:\/\/www.pedroandretta.info\/index\/?p=6594"},"modified":"2020-07-27T03:59:38","modified_gmt":"2020-07-27T07:59:38","slug":"caio-graco-prado-o-editor-como-agitador-cultural-livro-caio-graco-prado-e","status":"publish","type":"post","link":"https:\/\/www.pedroandretta.info\/index\/2020\/07\/caio-graco-prado-o-editor-como-agitador-cultural-livro-caio-graco-prado-e\/","title":{"rendered":"Caio Graco Prado, o #editor como agitador cultural | \u201cLivro \u2018Caio Graco Prado e &#8230;"},"content":{"rendered":"<p>[ad_1]<br \/>\n<img data-recalc-dims=\"1\" decoding=\"async\" src=\"https:\/\/i0.wp.com\/www.pedroandretta.info\/index\/wp-content\/uploads\/2020\/07\/Caio-Graco-Prado-o-editor-como-agitador-cultural-%E2%80%9CLivro.jpg?w=696&#038;ssl=1\"\/><\/p>\n<blockquote class=\"twitter-tweet\">\n<p lang=\"pt\" dir=\"ltr\">Caio Graco Prado, o <a target=\"_blank\" href=\"https:\/\/twitter.com\/hashtag\/editor?src=hash&amp;ref_src=twsrc%5Etfw\" rel=\"noopener noreferrer\">#editor<\/a> como agitador cultural | \u201cLivro \u2018Caio Graco Prado e a Editora Brasiliense\u2019, organizado por Sandra Reim\u00e3o e Gisela Creni re\u00fane textos que explicam a trajet\u00f3ria de sucesso da <a target=\"_blank\" href=\"https:\/\/twitter.com\/hashtag\/EditoraBrasiliense?src=hash&amp;ref_src=twsrc%5Etfw\" rel=\"noopener noreferrer\">#EditoraBrasiliense<\/a> nos anos 1980\u201d via Jornal da USP <a target=\"_blank\" href=\"https:\/\/t.co\/OgLEFPiJ9z\" rel=\"noopener noreferrer\">https:\/\/t.co\/OgLEFPiJ9z<\/a><\/p>\n<p>&mdash; Pedro Andretta (@pedroisandretta) <a target=\"_blank\" href=\"https:\/\/twitter.com\/pedroisandretta\/status\/1287658894978887682?ref_src=twsrc%5Etfw\" rel=\"noopener noreferrer\">July 27, 2020<\/a><\/p><\/blockquote>\n<p><script async src=\"https:\/\/platform.twitter.com\/widgets.js\" charset=\"utf-8\"><\/script><\/p>\n<p>[ad_2]<br \/>\n<br \/><a href=\"https:\/\/twitter.com\/pedroisandretta\/statuses\/1287658894978887682\">Fonte<\/a> : Projeto <a href=\"https:\/\/www.pedroandretta.info\/informeci\">Informe-CI<\/a><\/p>\n","protected":false},"excerpt":{"rendered":"<p>[ad_1] Caio Graco Prado, o #editor como agitador cultural | \u201cLivro \u2018Caio Graco Prado e a Editora Brasiliense\u2019, organizado por Sandra Reim\u00e3o e Gisela Creni re\u00fane textos que explicam a trajet\u00f3ria de sucesso da #EditoraBrasiliense nos anos 1980\u201d via Jornal da USP https:\/\/t.co\/OgLEFPiJ9z &mdash; Pedro Andretta (@pedroisandretta) July 27, 2020 [ad_2] Fonte : Projeto Informe-CI<\/p>\n","protected":false},"author":1,"featured_media":6595,"comment_status":"open","ping_status":"open","sticky":false,"template":"","format":"standard","meta":{"_jetpack_memberships_contains_paid_content":false,"footnotes":"","jetpack_publicize_message":"","jetpack_publicize_feature_enabled":true,"jetpack_social_post_already_shared":true,"jetpack_social_options":{"image_generator_settings":{"template":"highway","default_image_id":0,"font":"","enabled":false},"version":2}},"categories":[21],"tags":[769,1188],"class_list":["post-6594","post","type-post","status-publish","format-standard","has-post-thumbnail","hentry","category-informeci","tag-editor","tag-editorabrasiliense"],"jetpack_publicize_connections":[],"jetpack_featured_media_url":"https:\/\/i0.wp.com\/www.pedroandretta.info\/index\/wp-content\/uploads\/2020\/07\/Caio-Graco-Prado-o-editor-como-agitador-cultural-%E2%80%9CLivro.jpg?fit=800%2C420&ssl=1","views":"","jetpack_sharing_enabled":true,"_links":{"self":[{"href":"https:\/\/www.pedroandretta.info\/index\/wp-json\/wp\/v2\/posts\/6594","targetHints":{"allow":["GET"]}}],"collection":[{"href":"https:\/\/www.pedroandretta.info\/index\/wp-json\/wp\/v2\/posts"}],"about":[{"href":"https:\/\/www.pedroandretta.info\/index\/wp-json\/wp\/v2\/types\/post"}],"author":[{"embeddable":true,"href":"https:\/\/www.pedroandretta.info\/index\/wp-json\/wp\/v2\/users\/1"}],"replies":[{"embeddable":true,"href":"https:\/\/www.pedroandretta.info\/index\/wp-json\/wp\/v2\/comments?post=6594"}],"version-history":[{"count":0,"href":"https:\/\/www.pedroandretta.info\/index\/wp-json\/wp\/v2\/posts\/6594\/revisions"}],"wp:featuredmedia":[{"embeddable":true,"href":"https:\/\/www.pedroandretta.info\/index\/wp-json\/wp\/v2\/media\/6595"}],"wp:attachment":[{"href":"https:\/\/www.pedroandretta.info\/index\/wp-json\/wp\/v2\/media?parent=6594"}],"wp:term":[{"taxonomy":"category","embeddable":true,"href":"https:\/\/www.pedroandretta.info\/index\/wp-json\/wp\/v2\/categories?post=6594"},{"taxonomy":"post_tag","embeddable":true,"href":"https:\/\/www.pedroandretta.info\/index\/wp-json\/wp\/v2\/tags?post=6594"}],"curies":[{"name":"wp","href":"https:\/\/api.w.org\/{rel}","templated":true}]}}