{"id":6600,"date":"2020-07-27T04:32:50","date_gmt":"2020-07-27T08:32:50","guid":{"rendered":"https:\/\/www.pedroandretta.info\/index\/?p=6600"},"modified":"2020-07-27T04:32:50","modified_gmt":"2020-07-27T08:32:50","slug":"bibliotecanacional-abre-inscricoes-para-seus-premios-literarios-podem-concorr","status":"publish","type":"post","link":"https:\/\/www.pedroandretta.info\/index\/2020\/07\/bibliotecanacional-abre-inscricoes-para-seus-premios-literarios-podem-concorr\/","title":{"rendered":"#BibliotecaNacional abre inscri\u00e7\u00f5es para seus pr\u00eamios liter\u00e1rios | Podem concorr&#8230;"},"content":{"rendered":"<p>[ad_1]<br \/>\n<img data-recalc-dims=\"1\" decoding=\"async\" src=\"https:\/\/i0.wp.com\/www.pedroandretta.info\/index\/wp-content\/uploads\/2019\/12\/logo_290x290_publishnews_colorido.png?w=696&#038;ssl=1\"\/><\/p>\n<blockquote class=\"twitter-tweet\">\n<p lang=\"pt\" dir=\"ltr\"><a target=\"_blank\" href=\"https:\/\/twitter.com\/hashtag\/BibliotecaNacional?src=hash&amp;ref_src=twsrc%5Etfw\" rel=\"noopener noreferrer\">#BibliotecaNacional<\/a> abre inscri\u00e7\u00f5es para seus pr\u00eamios liter\u00e1rios | Podem concorrer \u00e0s obras de literaturas, ensaios social e liter\u00e1rio e tradu\u00e7\u00e3o, publicadas entre 2019 e 2020, escritas originalmente em portugu\u00eas e por editoras brasileiras\u201d via PublishNews <a target=\"_blank\" href=\"https:\/\/t.co\/JWHsrQ7buC\" rel=\"noopener noreferrer\">https:\/\/t.co\/JWHsrQ7buC<\/a><\/p>\n<p>&mdash; Pedro Andretta (@pedroisandretta) <a target=\"_blank\" href=\"https:\/\/twitter.com\/pedroisandretta\/status\/1287667250284105729?ref_src=twsrc%5Etfw\" rel=\"noopener noreferrer\">July 27, 2020<\/a><\/p><\/blockquote>\n<p><script async src=\"https:\/\/platform.twitter.com\/widgets.js\" charset=\"utf-8\"><\/script><\/p>\n<p>[ad_2]<br \/>\n<br \/><a href=\"https:\/\/twitter.com\/pedroisandretta\/statuses\/1287667250284105729\">Fonte<\/a> : Projeto <a href=\"https:\/\/www.pedroandretta.info\/informeci\">Informe-CI<\/a><\/p>\n","protected":false},"excerpt":{"rendered":"<p>[ad_1] #BibliotecaNacional abre inscri\u00e7\u00f5es para seus pr\u00eamios liter\u00e1rios | Podem concorrer \u00e0s obras de literaturas, ensaios social e liter\u00e1rio e tradu\u00e7\u00e3o, publicadas entre 2019 e 2020, escritas originalmente em portugu\u00eas e por editoras brasileiras\u201d via PublishNews https:\/\/t.co\/JWHsrQ7buC &mdash; Pedro Andretta (@pedroisandretta) July 27, 2020 [ad_2] Fonte : Projeto Informe-CI<\/p>\n","protected":false},"author":1,"featured_media":2566,"comment_status":"open","ping_status":"open","sticky":false,"template":"","format":"standard","meta":{"_jetpack_memberships_contains_paid_content":false,"footnotes":"","jetpack_publicize_message":"","jetpack_publicize_feature_enabled":true,"jetpack_social_post_already_shared":true,"jetpack_social_options":{"image_generator_settings":{"template":"highway","default_image_id":0,"font":"","enabled":false},"version":2}},"categories":[21],"tags":[402],"class_list":["post-6600","post","type-post","status-publish","format-standard","has-post-thumbnail","hentry","category-informeci","tag-bibliotecanacional"],"jetpack_publicize_connections":[],"jetpack_featured_media_url":"https:\/\/i0.wp.com\/www.pedroandretta.info\/index\/wp-content\/uploads\/2019\/12\/logo_290x290_publishnews_colorido.png?fit=290%2C290&ssl=1","views":"","jetpack_sharing_enabled":true,"_links":{"self":[{"href":"https:\/\/www.pedroandretta.info\/index\/wp-json\/wp\/v2\/posts\/6600","targetHints":{"allow":["GET"]}}],"collection":[{"href":"https:\/\/www.pedroandretta.info\/index\/wp-json\/wp\/v2\/posts"}],"about":[{"href":"https:\/\/www.pedroandretta.info\/index\/wp-json\/wp\/v2\/types\/post"}],"author":[{"embeddable":true,"href":"https:\/\/www.pedroandretta.info\/index\/wp-json\/wp\/v2\/users\/1"}],"replies":[{"embeddable":true,"href":"https:\/\/www.pedroandretta.info\/index\/wp-json\/wp\/v2\/comments?post=6600"}],"version-history":[{"count":0,"href":"https:\/\/www.pedroandretta.info\/index\/wp-json\/wp\/v2\/posts\/6600\/revisions"}],"wp:featuredmedia":[{"embeddable":true,"href":"https:\/\/www.pedroandretta.info\/index\/wp-json\/wp\/v2\/media\/2566"}],"wp:attachment":[{"href":"https:\/\/www.pedroandretta.info\/index\/wp-json\/wp\/v2\/media?parent=6600"}],"wp:term":[{"taxonomy":"category","embeddable":true,"href":"https:\/\/www.pedroandretta.info\/index\/wp-json\/wp\/v2\/categories?post=6600"},{"taxonomy":"post_tag","embeddable":true,"href":"https:\/\/www.pedroandretta.info\/index\/wp-json\/wp\/v2\/tags?post=6600"}],"curies":[{"name":"wp","href":"https:\/\/api.w.org\/{rel}","templated":true}]}}