{"id":6617,"date":"2020-07-28T14:29:03","date_gmt":"2020-07-28T18:29:03","guid":{"rendered":"https:\/\/www.pedroandretta.info\/index\/?p=6617"},"modified":"2020-07-28T14:29:03","modified_gmt":"2020-07-28T18:29:03","slug":"homens-creem-mais-em-teorias-da-conspiracao-sobre-covid19-que-mulheres-desam","status":"publish","type":"post","link":"https:\/\/www.pedroandretta.info\/index\/2020\/07\/homens-creem-mais-em-teorias-da-conspiracao-sobre-covid19-que-mulheres-desam\/","title":{"rendered":"Homens creem mais em teorias da conspira\u00e7\u00e3o sobre #Covid19 que mulheres | \u201dDesam&#8230;"},"content":{"rendered":"<p>[ad_1]<\/p>\n<blockquote class=\"twitter-tweet\">\n<p lang=\"pt\" dir=\"ltr\">Homens creem mais em teorias da conspira\u00e7\u00e3o sobre <a target=\"_blank\" href=\"https:\/\/twitter.com\/hashtag\/Covid19?src=hash&amp;ref_src=twsrc%5Etfw\" rel=\"noopener noreferrer\">#Covid19<\/a> que mulheres | \u201dDesamparo aprendido e uma predisposi\u00e7\u00e3o para o pensamento conspirat\u00f3rio explicam cerca de metade da diferen\u00e7a de <a target=\"_blank\" href=\"https:\/\/twitter.com\/hashtag\/g%C3%AAnero?src=hash&amp;ref_src=twsrc%5Etfw\" rel=\"noopener noreferrer\">#g\u00eanero<\/a> que encontramos.\u201d <a target=\"_blank\" href=\"https:\/\/twitter.com\/hashtag\/Desinforma%C3%A7%C3%A3o?src=hash&amp;ref_src=twsrc%5Etfw\" rel=\"noopener noreferrer\">#Desinforma\u00e7\u00e3o<\/a>  via Revista Galileu <a target=\"_blank\" href=\"https:\/\/t.co\/OT4WX4uvnT\" rel=\"noopener noreferrer\">https:\/\/t.co\/OT4WX4uvnT<\/a><\/p>\n<p>&mdash; Pedro Andretta (@pedroisandretta) <a target=\"_blank\" href=\"https:\/\/twitter.com\/pedroisandretta\/status\/1288179681259290624?ref_src=twsrc%5Etfw\" rel=\"noopener noreferrer\">July 28, 2020<\/a><\/p><\/blockquote>\n<p><script async src=\"https:\/\/platform.twitter.com\/widgets.js\" charset=\"utf-8\"><\/script><\/p>\n<p>[ad_2]<br \/>\n<br \/><a href=\"https:\/\/twitter.com\/pedroisandretta\/statuses\/1288179681259290624\">Fonte<\/a> : Projeto <a href=\"https:\/\/www.pedroandretta.info\/informeci\">Informe-CI<\/a><\/p>\n","protected":false},"excerpt":{"rendered":"<p>[ad_1] Homens creem mais em teorias da conspira\u00e7\u00e3o sobre #Covid19 que mulheres | \u201dDesamparo aprendido e uma predisposi\u00e7\u00e3o para o pensamento conspirat\u00f3rio explicam cerca de metade da diferen\u00e7a de #g\u00eanero que encontramos.\u201d #Desinforma\u00e7\u00e3o via Revista Galileu https:\/\/t.co\/OT4WX4uvnT &mdash; Pedro Andretta (@pedroisandretta) July 28, 2020 [ad_2] Fonte : Projeto Informe-CI<\/p>\n","protected":false},"author":1,"featured_media":0,"comment_status":"open","ping_status":"open","sticky":false,"template":"","format":"standard","meta":{"_jetpack_memberships_contains_paid_content":false,"footnotes":"","jetpack_publicize_message":"","jetpack_publicize_feature_enabled":true,"jetpack_social_post_already_shared":true,"jetpack_social_options":{"image_generator_settings":{"template":"highway","default_image_id":0,"font":"","enabled":false},"version":2}},"categories":[21],"tags":[618,142,178],"class_list":["post-6617","post","type-post","status-publish","format-standard","hentry","category-informeci","tag-covid19","tag-desinformacao","tag-genero"],"jetpack_publicize_connections":[],"jetpack_featured_media_url":"","views":"","jetpack_sharing_enabled":true,"_links":{"self":[{"href":"https:\/\/www.pedroandretta.info\/index\/wp-json\/wp\/v2\/posts\/6617","targetHints":{"allow":["GET"]}}],"collection":[{"href":"https:\/\/www.pedroandretta.info\/index\/wp-json\/wp\/v2\/posts"}],"about":[{"href":"https:\/\/www.pedroandretta.info\/index\/wp-json\/wp\/v2\/types\/post"}],"author":[{"embeddable":true,"href":"https:\/\/www.pedroandretta.info\/index\/wp-json\/wp\/v2\/users\/1"}],"replies":[{"embeddable":true,"href":"https:\/\/www.pedroandretta.info\/index\/wp-json\/wp\/v2\/comments?post=6617"}],"version-history":[{"count":0,"href":"https:\/\/www.pedroandretta.info\/index\/wp-json\/wp\/v2\/posts\/6617\/revisions"}],"wp:attachment":[{"href":"https:\/\/www.pedroandretta.info\/index\/wp-json\/wp\/v2\/media?parent=6617"}],"wp:term":[{"taxonomy":"category","embeddable":true,"href":"https:\/\/www.pedroandretta.info\/index\/wp-json\/wp\/v2\/categories?post=6617"},{"taxonomy":"post_tag","embeddable":true,"href":"https:\/\/www.pedroandretta.info\/index\/wp-json\/wp\/v2\/tags?post=6617"}],"curies":[{"name":"wp","href":"https:\/\/api.w.org\/{rel}","templated":true}]}}