{"id":6624,"date":"2020-07-28T18:39:44","date_gmt":"2020-07-28T22:39:44","guid":{"rendered":"https:\/\/www.pedroandretta.info\/index\/?p=6624"},"modified":"2020-07-28T18:39:44","modified_gmt":"2020-07-28T22:39:44","slug":"biblioteconomia-e-sociedade-e-book-prof-oswaldo-francisco-almeida-junior-ma","status":"publish","type":"post","link":"https:\/\/www.pedroandretta.info\/index\/2020\/07\/biblioteconomia-e-sociedade-e-book-prof-oswaldo-francisco-almeida-junior-ma\/","title":{"rendered":"Biblioteconomia e Sociedade (E-book), Prof Oswaldo Francisco Almeida J\u00fanior | Ma&#8230;"},"content":{"rendered":"<p>[ad_1]<\/p>\n<blockquote class=\"twitter-tweet\">\n<p lang=\"pt\" dir=\"ltr\">Biblioteconomia e Sociedade (E-book), Prof Oswaldo Francisco Almeida J\u00fanior | Material do Curso de Biblioteconomia EaD! <a target=\"_blank\" href=\"https:\/\/twitter.com\/hashtag\/Biblioteconomia?src=hash&amp;ref_src=twsrc%5Etfw\" rel=\"noopener noreferrer\">#Biblioteconomia<\/a> <a target=\"_blank\" href=\"https:\/\/twitter.com\/hashtag\/HistoriaDasBibliotecas?src=hash&amp;ref_src=twsrc%5Etfw\" rel=\"noopener noreferrer\">#HistoriaDasBibliotecas<\/a> <a target=\"_blank\" href=\"https:\/\/twitter.com\/hashtag\/Cultura?src=hash&amp;ref_src=twsrc%5Etfw\" rel=\"noopener noreferrer\">#Cultura<\/a> <a target=\"_blank\" href=\"https:\/\/twitter.com\/hashtag\/Sociedade?src=hash&amp;ref_src=twsrc%5Etfw\" rel=\"noopener noreferrer\">#Sociedade<\/a> <a target=\"_blank\" href=\"https:\/\/twitter.com\/hashtag\/Mem%C3%B3ria?src=hash&amp;ref_src=twsrc%5Etfw\" rel=\"noopener noreferrer\">#Mem\u00f3ria<\/a> <a target=\"_blank\" href=\"https:\/\/twitter.com\/hashtag\/Patrim%C3%B4nio?src=hash&amp;ref_src=twsrc%5Etfw\" rel=\"noopener noreferrer\">#Patrim\u00f4nio<\/a>  <a target=\"_blank\" href=\"https:\/\/twitter.com\/hashtag\/Pol%C3%ADticasDeInforma%C3%A7%C3%A3o?src=hash&amp;ref_src=twsrc%5Etfw\" rel=\"noopener noreferrer\">#Pol\u00edticasDeInforma\u00e7\u00e3o<\/a> <a target=\"_blank\" href=\"https:\/\/twitter.com\/OFAJ?ref_src=twsrc%5Etfw\" rel=\"noopener noreferrer\">@OFAJ<\/a>  via Portal eduCapes <a target=\"_blank\" href=\"https:\/\/t.co\/EHHwilR47Q\" rel=\"noopener noreferrer\">https:\/\/t.co\/EHHwilR47Q<\/a> <a target=\"_blank\" href=\"https:\/\/t.co\/O3briWrnC7\" rel=\"noopener noreferrer\">pic.twitter.com\/O3briWrnC7<\/a><\/p>\n<p>&mdash; Pedro Andretta (@pedroisandretta) <a target=\"_blank\" href=\"https:\/\/twitter.com\/pedroisandretta\/status\/1288242764975611907?ref_src=twsrc%5Etfw\" rel=\"noopener noreferrer\">July 28, 2020<\/a><\/p><\/blockquote>\n<p><script async src=\"https:\/\/platform.twitter.com\/widgets.js\" charset=\"utf-8\"><\/script><\/p>\n<p>[ad_2]<br \/>\n<br \/><a href=\"https:\/\/twitter.com\/pedroisandretta\/statuses\/1288242764975611907\">Fonte<\/a> : Projeto <a href=\"https:\/\/www.pedroandretta.info\/informeci\">Informe-CI<\/a><\/p>\n","protected":false},"excerpt":{"rendered":"<p>[ad_1] Biblioteconomia e Sociedade (E-book), Prof Oswaldo Francisco Almeida J\u00fanior | Material do Curso de Biblioteconomia EaD! #Biblioteconomia #HistoriaDasBibliotecas #Cultura #Sociedade #Mem\u00f3ria #Patrim\u00f4nio #Pol\u00edticasDeInforma\u00e7\u00e3o @OFAJ via Portal eduCapes https:\/\/t.co\/EHHwilR47Q pic.twitter.com\/O3briWrnC7 &mdash; Pedro Andretta (@pedroisandretta) July 28, 2020 [ad_2] Fonte : Projeto Informe-CI<\/p>\n","protected":false},"author":1,"featured_media":6625,"comment_status":"open","ping_status":"open","sticky":false,"template":"","format":"standard","meta":{"_jetpack_memberships_contains_paid_content":false,"footnotes":"","jetpack_publicize_message":"","jetpack_publicize_feature_enabled":true,"jetpack_social_post_already_shared":true,"jetpack_social_options":{"image_generator_settings":{"template":"highway","default_image_id":0,"font":"","enabled":false},"version":2}},"categories":[21],"tags":[33,285,701,430,553,1203,544],"class_list":["post-6624","post","type-post","status-publish","format-standard","has-post-thumbnail","hentry","category-informeci","tag-biblioteconomia","tag-cultura","tag-historiadasbibliotecas","tag-memoria","tag-patrimonio","tag-politicasdeinformacao","tag-sociedade"],"jetpack_publicize_connections":[],"jetpack_featured_media_url":"https:\/\/i0.wp.com\/www.pedroandretta.info\/index\/wp-content\/uploads\/2020\/07\/Biblioteconomia-e-Sociedade-E-book-Prof-Oswaldo-Francisco-Almeida-Junior.jpg?fit=610%2C867&ssl=1","views":"","jetpack_sharing_enabled":true,"_links":{"self":[{"href":"https:\/\/www.pedroandretta.info\/index\/wp-json\/wp\/v2\/posts\/6624","targetHints":{"allow":["GET"]}}],"collection":[{"href":"https:\/\/www.pedroandretta.info\/index\/wp-json\/wp\/v2\/posts"}],"about":[{"href":"https:\/\/www.pedroandretta.info\/index\/wp-json\/wp\/v2\/types\/post"}],"author":[{"embeddable":true,"href":"https:\/\/www.pedroandretta.info\/index\/wp-json\/wp\/v2\/users\/1"}],"replies":[{"embeddable":true,"href":"https:\/\/www.pedroandretta.info\/index\/wp-json\/wp\/v2\/comments?post=6624"}],"version-history":[{"count":0,"href":"https:\/\/www.pedroandretta.info\/index\/wp-json\/wp\/v2\/posts\/6624\/revisions"}],"wp:featuredmedia":[{"embeddable":true,"href":"https:\/\/www.pedroandretta.info\/index\/wp-json\/wp\/v2\/media\/6625"}],"wp:attachment":[{"href":"https:\/\/www.pedroandretta.info\/index\/wp-json\/wp\/v2\/media?parent=6624"}],"wp:term":[{"taxonomy":"category","embeddable":true,"href":"https:\/\/www.pedroandretta.info\/index\/wp-json\/wp\/v2\/categories?post=6624"},{"taxonomy":"post_tag","embeddable":true,"href":"https:\/\/www.pedroandretta.info\/index\/wp-json\/wp\/v2\/tags?post=6624"}],"curies":[{"name":"wp","href":"https:\/\/api.w.org\/{rel}","templated":true}]}}