{"id":6630,"date":"2020-07-29T13:49:58","date_gmt":"2020-07-29T17:49:58","guid":{"rendered":"https:\/\/www.pedroandretta.info\/index\/?p=6630"},"modified":"2020-07-29T13:49:58","modified_gmt":"2020-07-29T17:49:58","slug":"artigo-de-opiniao-informacao-em-tempo-da-covid19-o-espaco-comunicativo-vai","status":"publish","type":"post","link":"https:\/\/www.pedroandretta.info\/index\/2020\/07\/artigo-de-opiniao-informacao-em-tempo-da-covid19-o-espaco-comunicativo-vai\/","title":{"rendered":"Artigo de opini\u00e3o: Informa\u00e7\u00e3o em tempo da #Covid19 | \u201cO espa\u00e7o comunicativo vai &#8230;"},"content":{"rendered":"<p>[ad_1]<\/p>\n<blockquote class=\"twitter-tweet\">\n<p lang=\"pt\" dir=\"ltr\">Artigo de opini\u00e3o: Informa\u00e7\u00e3o em tempo da <a target=\"_blank\" href=\"https:\/\/twitter.com\/hashtag\/Covid19?src=hash&amp;ref_src=twsrc%5Etfw\" rel=\"noopener noreferrer\">#Covid19<\/a> | \u201cO espa\u00e7o comunicativo vai ser ocupado, n\u00e3o tem jeito. Melhor que o seja pela informa\u00e7\u00e3o s\u00e9ria, \u00edntegra, bem intencionada, respons\u00e1vel e tratada.\u201d <a target=\"_blank\" href=\"https:\/\/twitter.com\/hashtag\/Desinforma%C3%A7%C3%A3o?src=hash&amp;ref_src=twsrc%5Etfw\" rel=\"noopener noreferrer\">#Desinforma\u00e7\u00e3o<\/a>  via Bruno Lara <a target=\"_blank\" href=\"https:\/\/t.co\/ZsSA0QKWCl\" rel=\"noopener noreferrer\">https:\/\/t.co\/ZsSA0QKWCl<\/a><\/p>\n<p>&mdash; Pedro Andretta (@pedroisandretta) <a target=\"_blank\" href=\"https:\/\/twitter.com\/pedroisandretta\/status\/1288532233205305344?ref_src=twsrc%5Etfw\" rel=\"noopener noreferrer\">July 29, 2020<\/a><\/p><\/blockquote>\n<p><script async src=\"https:\/\/platform.twitter.com\/widgets.js\" charset=\"utf-8\"><\/script><\/p>\n<p>[ad_2]<br \/>\n<br \/><a href=\"https:\/\/twitter.com\/pedroisandretta\/statuses\/1288532233205305344\">Fonte<\/a> : Projeto <a href=\"https:\/\/www.pedroandretta.info\/informeci\">Informe-CI<\/a><\/p>\n","protected":false},"excerpt":{"rendered":"<p>[ad_1] Artigo de opini\u00e3o: Informa\u00e7\u00e3o em tempo da #Covid19 | \u201cO espa\u00e7o comunicativo vai ser ocupado, n\u00e3o tem jeito. Melhor que o seja pela informa\u00e7\u00e3o s\u00e9ria, \u00edntegra, bem intencionada, respons\u00e1vel e tratada.\u201d #Desinforma\u00e7\u00e3o via Bruno Lara https:\/\/t.co\/ZsSA0QKWCl &mdash; Pedro Andretta (@pedroisandretta) July 29, 2020 [ad_2] Fonte : Projeto Informe-CI<\/p>\n","protected":false},"author":1,"featured_media":0,"comment_status":"open","ping_status":"open","sticky":false,"template":"","format":"standard","meta":{"_jetpack_memberships_contains_paid_content":false,"footnotes":"","jetpack_publicize_message":"","jetpack_publicize_feature_enabled":true,"jetpack_social_post_already_shared":true,"jetpack_social_options":{"image_generator_settings":{"template":"highway","default_image_id":0,"font":"","enabled":false},"version":2}},"categories":[21],"tags":[618,142],"class_list":["post-6630","post","type-post","status-publish","format-standard","hentry","category-informeci","tag-covid19","tag-desinformacao"],"jetpack_publicize_connections":[],"jetpack_featured_media_url":"","views":"","jetpack_sharing_enabled":true,"_links":{"self":[{"href":"https:\/\/www.pedroandretta.info\/index\/wp-json\/wp\/v2\/posts\/6630","targetHints":{"allow":["GET"]}}],"collection":[{"href":"https:\/\/www.pedroandretta.info\/index\/wp-json\/wp\/v2\/posts"}],"about":[{"href":"https:\/\/www.pedroandretta.info\/index\/wp-json\/wp\/v2\/types\/post"}],"author":[{"embeddable":true,"href":"https:\/\/www.pedroandretta.info\/index\/wp-json\/wp\/v2\/users\/1"}],"replies":[{"embeddable":true,"href":"https:\/\/www.pedroandretta.info\/index\/wp-json\/wp\/v2\/comments?post=6630"}],"version-history":[{"count":0,"href":"https:\/\/www.pedroandretta.info\/index\/wp-json\/wp\/v2\/posts\/6630\/revisions"}],"wp:attachment":[{"href":"https:\/\/www.pedroandretta.info\/index\/wp-json\/wp\/v2\/media?parent=6630"}],"wp:term":[{"taxonomy":"category","embeddable":true,"href":"https:\/\/www.pedroandretta.info\/index\/wp-json\/wp\/v2\/categories?post=6630"},{"taxonomy":"post_tag","embeddable":true,"href":"https:\/\/www.pedroandretta.info\/index\/wp-json\/wp\/v2\/tags?post=6630"}],"curies":[{"name":"wp","href":"https:\/\/api.w.org\/{rel}","templated":true}]}}