{"id":6716,"date":"2020-08-04T21:12:16","date_gmt":"2020-08-05T01:12:16","guid":{"rendered":"https:\/\/www.pedroandretta.info\/index\/?p=6716"},"modified":"2020-08-04T21:12:16","modified_gmt":"2020-08-05T01:12:16","slug":"biblioteca-publica-do-parana-cria-novo-premio-literario-premio-biblioteca-dig","status":"publish","type":"post","link":"https:\/\/www.pedroandretta.info\/index\/2020\/08\/biblioteca-publica-do-parana-cria-novo-premio-literario-premio-biblioteca-dig\/","title":{"rendered":"Biblioteca P\u00fablica do Paran\u00e1 cria novo pr\u00eamio liter\u00e1rio | \u201cPr\u00eamio Biblioteca Dig&#8230;"},"content":{"rendered":"<p>[ad_1]<br \/>\n<img data-recalc-dims=\"1\" decoding=\"async\" src=\"https:\/\/i0.wp.com\/www.pedroandretta.info\/index\/wp-content\/uploads\/2020\/08\/Biblioteca-Publica-do-Parana-cria-novo-premio-literario-%E2%80%9CPremio.jpeg?w=696&#038;ssl=1\"\/><\/p>\n<blockquote class=\"twitter-tweet\">\n<p lang=\"pt\" dir=\"ltr\">Biblioteca P\u00fablica do Paran\u00e1 cria novo pr\u00eamio liter\u00e1rio | \u201cPr\u00eamio Biblioteca Digital foi criado para fomentar a produ\u00e7\u00e3o e circula\u00e7\u00e3o de livros in\u00e9ditos no formato de <a target=\"_blank\" href=\"https:\/\/twitter.com\/hashtag\/ebook?src=hash&amp;ref_src=twsrc%5Etfw\" rel=\"noopener noreferrer\">#ebook<\/a> .Inscri\u00e7\u00f5es terminam no dia 13\/09\u201c (Os pr\u00eamios v\u00e3o de 3 a 10 mil!) via PublishNews <a target=\"_blank\" href=\"https:\/\/t.co\/OAjBpUcTex\" rel=\"noopener noreferrer\">https:\/\/t.co\/OAjBpUcTex<\/a><\/p>\n<p>&mdash; Pedro Andretta (@pedroisandretta) <a target=\"_blank\" href=\"https:\/\/twitter.com\/pedroisandretta\/status\/1290817867135451140?ref_src=twsrc%5Etfw\" rel=\"noopener noreferrer\">August 5, 2020<\/a><\/p><\/blockquote>\n<p><script async src=\"https:\/\/platform.twitter.com\/widgets.js\" charset=\"utf-8\"><\/script><\/p>\n<p>[ad_2]<br \/>\n<br \/><a href=\"https:\/\/twitter.com\/pedroisandretta\/statuses\/1290817867135451140\">Fonte<\/a> : Projeto <a href=\"https:\/\/www.pedroandretta.info\/informeci\">Informe-CI<\/a><\/p>\n","protected":false},"excerpt":{"rendered":"<p>[ad_1] Biblioteca P\u00fablica do Paran\u00e1 cria novo pr\u00eamio liter\u00e1rio | \u201cPr\u00eamio Biblioteca Digital foi criado para fomentar a produ\u00e7\u00e3o e circula\u00e7\u00e3o de livros in\u00e9ditos no formato de #ebook .Inscri\u00e7\u00f5es terminam no dia 13\/09\u201c (Os pr\u00eamios v\u00e3o de 3 a 10 mil!) via PublishNews https:\/\/t.co\/OAjBpUcTex &mdash; Pedro Andretta (@pedroisandretta) August 5, 2020 [ad_2] Fonte : Projeto<\/p><\/div>\n<div class=\"blog-btn\"><a href=\"https:\/\/www.pedroandretta.info\/index\/2020\/08\/biblioteca-publica-do-parana-cria-novo-premio-literario-premio-biblioteca-dig\/\" class=\"home-blog-btn\">Ler mais<\/a><\/p>\n","protected":false},"author":1,"featured_media":6717,"comment_status":"open","ping_status":"open","sticky":false,"template":"","format":"standard","meta":{"_jetpack_memberships_contains_paid_content":false,"footnotes":"","jetpack_publicize_message":"","jetpack_publicize_feature_enabled":true,"jetpack_social_post_already_shared":true,"jetpack_social_options":{"image_generator_settings":{"template":"highway","default_image_id":0,"font":"","enabled":false},"version":2}},"categories":[21],"tags":[146],"class_list":["post-6716","post","type-post","status-publish","format-standard","has-post-thumbnail","hentry","category-informeci","tag-ebooks"],"jetpack_publicize_connections":[],"jetpack_featured_media_url":"https:\/\/i0.wp.com\/www.pedroandretta.info\/index\/wp-content\/uploads\/2020\/08\/Biblioteca-Publica-do-Parana-cria-novo-premio-literario-%E2%80%9CPremio.jpeg?fit=900%2C549&ssl=1","views":"","jetpack_sharing_enabled":true,"_links":{"self":[{"href":"https:\/\/www.pedroandretta.info\/index\/wp-json\/wp\/v2\/posts\/6716","targetHints":{"allow":["GET"]}}],"collection":[{"href":"https:\/\/www.pedroandretta.info\/index\/wp-json\/wp\/v2\/posts"}],"about":[{"href":"https:\/\/www.pedroandretta.info\/index\/wp-json\/wp\/v2\/types\/post"}],"author":[{"embeddable":true,"href":"https:\/\/www.pedroandretta.info\/index\/wp-json\/wp\/v2\/users\/1"}],"replies":[{"embeddable":true,"href":"https:\/\/www.pedroandretta.info\/index\/wp-json\/wp\/v2\/comments?post=6716"}],"version-history":[{"count":0,"href":"https:\/\/www.pedroandretta.info\/index\/wp-json\/wp\/v2\/posts\/6716\/revisions"}],"wp:featuredmedia":[{"embeddable":true,"href":"https:\/\/www.pedroandretta.info\/index\/wp-json\/wp\/v2\/media\/6717"}],"wp:attachment":[{"href":"https:\/\/www.pedroandretta.info\/index\/wp-json\/wp\/v2\/media?parent=6716"}],"wp:term":[{"taxonomy":"category","embeddable":true,"href":"https:\/\/www.pedroandretta.info\/index\/wp-json\/wp\/v2\/categories?post=6716"},{"taxonomy":"post_tag","embeddable":true,"href":"https:\/\/www.pedroandretta.info\/index\/wp-json\/wp\/v2\/tags?post=6716"}],"curies":[{"name":"wp","href":"https:\/\/api.w.org\/{rel}","templated":true}]}}