{"id":6724,"date":"2020-08-05T14:48:42","date_gmt":"2020-08-05T18:48:42","guid":{"rendered":"https:\/\/www.pedroandretta.info\/index\/?p=6724"},"modified":"2020-08-05T14:48:42","modified_gmt":"2020-08-05T18:48:42","slug":"20-livros-obrigatorios-para-ler-antes-dos-50-as-obras-escolhidas-sao-marcos-d","status":"publish","type":"post","link":"https:\/\/www.pedroandretta.info\/index\/2020\/08\/20-livros-obrigatorios-para-ler-antes-dos-50-as-obras-escolhidas-sao-marcos-d\/","title":{"rendered":"20 livros obrigat\u00f3rios para ler antes dos 50 | \u201cAs obras escolhidas s\u00e3o marcos d&#8230;"},"content":{"rendered":"<p>[ad_1]<\/p>\n<blockquote class=\"twitter-tweet\">\n<p lang=\"pt\" dir=\"ltr\">20 livros obrigat\u00f3rios para ler antes dos 50 | \u201cAs obras escolhidas s\u00e3o marcos da literatura cl\u00e1ssica e contempor\u00e2nea, e abordam temas como envelhecimento, escolhas, arrependimentos e morte\u201d <a target=\"_blank\" href=\"https:\/\/twitter.com\/hashtag\/ListasDeLivros?src=hash&amp;ref_src=twsrc%5Etfw\" rel=\"noopener noreferrer\">#ListasDeLivros<\/a> via Revista Bula <a target=\"_blank\" href=\"https:\/\/t.co\/xuPXE87AZ5\" rel=\"noopener noreferrer\">https:\/\/t.co\/xuPXE87AZ5<\/a><\/p>\n<p>&mdash; Pedro Andretta (@pedroisandretta) <a target=\"_blank\" href=\"https:\/\/twitter.com\/pedroisandretta\/status\/1291083725896331264?ref_src=twsrc%5Etfw\" rel=\"noopener noreferrer\">August 5, 2020<\/a><\/p><\/blockquote>\n<p><script async src=\"https:\/\/platform.twitter.com\/widgets.js\" charset=\"utf-8\"><\/script><\/p>\n<p>[ad_2]<br \/>\n<br \/><a href=\"https:\/\/twitter.com\/pedroisandretta\/statuses\/1291083725896331264\">Fonte<\/a> : Projeto <a href=\"https:\/\/www.pedroandretta.info\/informeci\">Informe-CI<\/a><\/p>\n","protected":false},"excerpt":{"rendered":"<p>[ad_1] 20 livros obrigat\u00f3rios para ler antes dos 50 | \u201cAs obras escolhidas s\u00e3o marcos da literatura cl\u00e1ssica e contempor\u00e2nea, e abordam temas como envelhecimento, escolhas, arrependimentos e morte\u201d #ListasDeLivros via Revista Bula https:\/\/t.co\/xuPXE87AZ5 &mdash; Pedro Andretta (@pedroisandretta) August 5, 2020 [ad_2] Fonte : Projeto Informe-CI<\/p>\n","protected":false},"author":1,"featured_media":0,"comment_status":"open","ping_status":"open","sticky":false,"template":"","format":"standard","meta":{"_jetpack_memberships_contains_paid_content":false,"footnotes":"","jetpack_publicize_message":"","jetpack_publicize_feature_enabled":true,"jetpack_social_post_already_shared":true,"jetpack_social_options":{"image_generator_settings":{"template":"highway","default_image_id":0,"font":"","enabled":false},"version":2}},"categories":[21],"tags":[537],"class_list":["post-6724","post","type-post","status-publish","format-standard","hentry","category-informeci","tag-listasdelivros"],"jetpack_publicize_connections":[],"jetpack_featured_media_url":"","views":"","jetpack_sharing_enabled":true,"_links":{"self":[{"href":"https:\/\/www.pedroandretta.info\/index\/wp-json\/wp\/v2\/posts\/6724","targetHints":{"allow":["GET"]}}],"collection":[{"href":"https:\/\/www.pedroandretta.info\/index\/wp-json\/wp\/v2\/posts"}],"about":[{"href":"https:\/\/www.pedroandretta.info\/index\/wp-json\/wp\/v2\/types\/post"}],"author":[{"embeddable":true,"href":"https:\/\/www.pedroandretta.info\/index\/wp-json\/wp\/v2\/users\/1"}],"replies":[{"embeddable":true,"href":"https:\/\/www.pedroandretta.info\/index\/wp-json\/wp\/v2\/comments?post=6724"}],"version-history":[{"count":0,"href":"https:\/\/www.pedroandretta.info\/index\/wp-json\/wp\/v2\/posts\/6724\/revisions"}],"wp:attachment":[{"href":"https:\/\/www.pedroandretta.info\/index\/wp-json\/wp\/v2\/media?parent=6724"}],"wp:term":[{"taxonomy":"category","embeddable":true,"href":"https:\/\/www.pedroandretta.info\/index\/wp-json\/wp\/v2\/categories?post=6724"},{"taxonomy":"post_tag","embeddable":true,"href":"https:\/\/www.pedroandretta.info\/index\/wp-json\/wp\/v2\/tags?post=6724"}],"curies":[{"name":"wp","href":"https:\/\/api.w.org\/{rel}","templated":true}]}}