{"id":6798,"date":"2020-08-10T22:38:43","date_gmt":"2020-08-11T02:38:43","guid":{"rendered":"https:\/\/www.pedroandretta.info\/index\/?p=6798"},"modified":"2020-08-10T22:38:43","modified_gmt":"2020-08-11T02:38:43","slug":"competencias-essenciais-para-bibliotecarios-profissionais-de-catalogacao-e-me","status":"publish","type":"post","link":"https:\/\/www.pedroandretta.info\/index\/2020\/08\/competencias-essenciais-para-bibliotecarios-profissionais-de-catalogacao-e-me\/","title":{"rendered":"#Compet\u00eancias essenciais para bibliotec\u00e1rios profissionais de #cataloga\u00e7\u00e3o e #me&#8230;"},"content":{"rendered":"<p>[ad_1]<\/p>\n<blockquote class=\"twitter-tweet\">\n<p lang=\"pt\" dir=\"ltr\"><a target=\"_blank\" href=\"https:\/\/twitter.com\/hashtag\/Compet%C3%AAncias?src=hash&amp;ref_src=twsrc%5Etfw\" rel=\"noopener noreferrer\">#Compet\u00eancias<\/a> essenciais para bibliotec\u00e1rios profissionais de <a target=\"_blank\" href=\"https:\/\/twitter.com\/hashtag\/cataloga%C3%A7%C3%A3o?src=hash&amp;ref_src=twsrc%5Etfw\" rel=\"noopener noreferrer\">#cataloga\u00e7\u00e3o<\/a> e <a target=\"_blank\" href=\"https:\/\/twitter.com\/hashtag\/metadados?src=hash&amp;ref_src=twsrc%5Etfw\" rel=\"noopener noreferrer\">#metadados<\/a> (2017)| Para pensar os conhecimentos, habilidades e comportamentos para catalogadores, segundo a  American Library Association\u2019s Core Competences of Librarianship <a target=\"_blank\" href=\"https:\/\/t.co\/2qDMZNb4lz\" rel=\"noopener noreferrer\">https:\/\/t.co\/2qDMZNb4lz<\/a> <a target=\"_blank\" href=\"https:\/\/t.co\/aIGMNTIg9B\" rel=\"noopener noreferrer\">pic.twitter.com\/aIGMNTIg9B<\/a><\/p>\n<p>&mdash; Pedro Andretta (@pedroisandretta) <a target=\"_blank\" href=\"https:\/\/twitter.com\/pedroisandretta\/status\/1293013950745980928?ref_src=twsrc%5Etfw\" rel=\"noopener noreferrer\">August 11, 2020<\/a><\/p><\/blockquote>\n<p><script async src=\"https:\/\/platform.twitter.com\/widgets.js\" charset=\"utf-8\"><\/script><\/p>\n<p>[ad_2]<br \/>\n<br \/><a href=\"https:\/\/twitter.com\/pedroisandretta\/statuses\/1293013950745980928\">Fonte<\/a> : Projeto <a href=\"https:\/\/www.pedroandretta.info\/informeci\">Informe-CI<\/a><\/p>\n","protected":false},"excerpt":{"rendered":"<p>[ad_1] #Compet\u00eancias essenciais para bibliotec\u00e1rios profissionais de #cataloga\u00e7\u00e3o e #metadados (2017)| Para pensar os conhecimentos, habilidades e comportamentos para catalogadores, segundo a American Library Association\u2019s Core Competences of Librarianship https:\/\/t.co\/2qDMZNb4lz pic.twitter.com\/aIGMNTIg9B &mdash; Pedro Andretta (@pedroisandretta) August 11, 2020 [ad_2] Fonte : Projeto Informe-CI<\/p>\n","protected":false},"author":1,"featured_media":6799,"comment_status":"open","ping_status":"open","sticky":false,"template":"","format":"standard","meta":{"_jetpack_memberships_contains_paid_content":false,"footnotes":"","jetpack_publicize_message":"","jetpack_publicize_feature_enabled":true,"jetpack_social_post_already_shared":true,"jetpack_social_options":{"image_generator_settings":{"template":"highway","default_image_id":0,"font":"","enabled":false},"version":2}},"categories":[21],"tags":[67,1300,76],"class_list":["post-6798","post","type-post","status-publish","format-standard","has-post-thumbnail","hentry","category-informeci","tag-catalogacao","tag-competencia","tag-metadados"],"jetpack_publicize_connections":[],"jetpack_featured_media_url":"https:\/\/i0.wp.com\/www.pedroandretta.info\/index\/wp-content\/uploads\/2020\/08\/Competencias-essenciais-para-bibliotecarios-profissionais-de-catalogacao-e-me.jpg?fit=606%2C782&ssl=1","views":"","jetpack_sharing_enabled":true,"_links":{"self":[{"href":"https:\/\/www.pedroandretta.info\/index\/wp-json\/wp\/v2\/posts\/6798","targetHints":{"allow":["GET"]}}],"collection":[{"href":"https:\/\/www.pedroandretta.info\/index\/wp-json\/wp\/v2\/posts"}],"about":[{"href":"https:\/\/www.pedroandretta.info\/index\/wp-json\/wp\/v2\/types\/post"}],"author":[{"embeddable":true,"href":"https:\/\/www.pedroandretta.info\/index\/wp-json\/wp\/v2\/users\/1"}],"replies":[{"embeddable":true,"href":"https:\/\/www.pedroandretta.info\/index\/wp-json\/wp\/v2\/comments?post=6798"}],"version-history":[{"count":0,"href":"https:\/\/www.pedroandretta.info\/index\/wp-json\/wp\/v2\/posts\/6798\/revisions"}],"wp:featuredmedia":[{"embeddable":true,"href":"https:\/\/www.pedroandretta.info\/index\/wp-json\/wp\/v2\/media\/6799"}],"wp:attachment":[{"href":"https:\/\/www.pedroandretta.info\/index\/wp-json\/wp\/v2\/media?parent=6798"}],"wp:term":[{"taxonomy":"category","embeddable":true,"href":"https:\/\/www.pedroandretta.info\/index\/wp-json\/wp\/v2\/categories?post=6798"},{"taxonomy":"post_tag","embeddable":true,"href":"https:\/\/www.pedroandretta.info\/index\/wp-json\/wp\/v2\/tags?post=6798"}],"curies":[{"name":"wp","href":"https:\/\/api.w.org\/{rel}","templated":true}]}}