{"id":6800,"date":"2020-08-11T01:33:42","date_gmt":"2020-08-11T05:33:42","guid":{"rendered":"https:\/\/www.pedroandretta.info\/index\/?p=6800"},"modified":"2020-08-11T01:33:42","modified_gmt":"2020-08-11T05:33:42","slug":"carta-aberta-do-cfb-ao-exmo-sr-paulo-guedes-ministro-da-economia-entao-o","status":"publish","type":"post","link":"https:\/\/www.pedroandretta.info\/index\/2020\/08\/carta-aberta-do-cfb-ao-exmo-sr-paulo-guedes-ministro-da-economia-entao-o\/","title":{"rendered":"Carta aberta do #CFB ao exmo. sr. Paulo Guedes, Ministro da Economia | (Ent\u00e3o o &#8230;"},"content":{"rendered":"<p>[ad_1]<\/p>\n<blockquote class=\"twitter-tweet\">\n<p lang=\"pt\" dir=\"ltr\">Carta aberta do <a target=\"_blank\" href=\"https:\/\/twitter.com\/hashtag\/CFB?src=hash&amp;ref_src=twsrc%5Etfw\" rel=\"noopener noreferrer\">#CFB<\/a> ao exmo. sr. Paulo Guedes, Ministro da Economia | (Ent\u00e3o o Conselho al\u00e9m de n\u00e3o se posicionar objetivamente contra a tributa\u00e7\u00e3o dos <a target=\"_blank\" href=\"https:\/\/twitter.com\/hashtag\/livros?src=hash&amp;ref_src=twsrc%5Etfw\" rel=\"noopener noreferrer\">#livros<\/a> ainda quer barganhar em cima da promessa do governo?) via Conselho Federal de Biblioteconomia <a target=\"_blank\" href=\"https:\/\/t.co\/tA53DfEUki\" rel=\"noopener noreferrer\">https:\/\/t.co\/tA53DfEUki<\/a><\/p>\n<p>&mdash; Pedro Andretta (@pedroisandretta) <a target=\"_blank\" href=\"https:\/\/twitter.com\/pedroisandretta\/status\/1293057988064935937?ref_src=twsrc%5Etfw\" rel=\"noopener noreferrer\">August 11, 2020<\/a><\/p><\/blockquote>\n<p><script async src=\"https:\/\/platform.twitter.com\/widgets.js\" charset=\"utf-8\"><\/script><\/p>\n<p>[ad_2]<br \/>\n<br \/><a href=\"https:\/\/twitter.com\/pedroisandretta\/statuses\/1293057988064935937\">Fonte<\/a> : Projeto <a href=\"https:\/\/www.pedroandretta.info\/informeci\">Informe-CI<\/a><\/p>\n","protected":false},"excerpt":{"rendered":"<p>[ad_1] Carta aberta do #CFB ao exmo. sr. Paulo Guedes, Ministro da Economia | (Ent\u00e3o o Conselho al\u00e9m de n\u00e3o se posicionar objetivamente contra a tributa\u00e7\u00e3o dos #livros ainda quer barganhar em cima da promessa do governo?) via Conselho Federal de Biblioteconomia https:\/\/t.co\/tA53DfEUki &mdash; Pedro Andretta (@pedroisandretta) August 11, 2020 [ad_2] Fonte : Projeto Informe-CI<\/p>\n","protected":false},"author":1,"featured_media":0,"comment_status":"open","ping_status":"open","sticky":false,"template":"","format":"standard","meta":{"_jetpack_memberships_contains_paid_content":false,"footnotes":"","jetpack_publicize_message":"","jetpack_publicize_feature_enabled":true,"jetpack_social_post_already_shared":true,"jetpack_social_options":{"image_generator_settings":{"template":"highway","default_image_id":0,"font":"","enabled":false},"version":2}},"categories":[21],"tags":[628,63],"class_list":["post-6800","post","type-post","status-publish","format-standard","hentry","category-informeci","tag-cfb","tag-livros"],"jetpack_publicize_connections":[],"jetpack_featured_media_url":"","views":"","jetpack_sharing_enabled":true,"_links":{"self":[{"href":"https:\/\/www.pedroandretta.info\/index\/wp-json\/wp\/v2\/posts\/6800","targetHints":{"allow":["GET"]}}],"collection":[{"href":"https:\/\/www.pedroandretta.info\/index\/wp-json\/wp\/v2\/posts"}],"about":[{"href":"https:\/\/www.pedroandretta.info\/index\/wp-json\/wp\/v2\/types\/post"}],"author":[{"embeddable":true,"href":"https:\/\/www.pedroandretta.info\/index\/wp-json\/wp\/v2\/users\/1"}],"replies":[{"embeddable":true,"href":"https:\/\/www.pedroandretta.info\/index\/wp-json\/wp\/v2\/comments?post=6800"}],"version-history":[{"count":0,"href":"https:\/\/www.pedroandretta.info\/index\/wp-json\/wp\/v2\/posts\/6800\/revisions"}],"wp:attachment":[{"href":"https:\/\/www.pedroandretta.info\/index\/wp-json\/wp\/v2\/media?parent=6800"}],"wp:term":[{"taxonomy":"category","embeddable":true,"href":"https:\/\/www.pedroandretta.info\/index\/wp-json\/wp\/v2\/categories?post=6800"},{"taxonomy":"post_tag","embeddable":true,"href":"https:\/\/www.pedroandretta.info\/index\/wp-json\/wp\/v2\/tags?post=6800"}],"curies":[{"name":"wp","href":"https:\/\/api.w.org\/{rel}","templated":true}]}}