{"id":6803,"date":"2020-08-11T14:50:45","date_gmt":"2020-08-11T18:50:45","guid":{"rendered":"https:\/\/www.pedroandretta.info\/index\/?p=6803"},"modified":"2020-08-11T14:50:45","modified_gmt":"2020-08-11T18:50:45","slug":"quando-a-unica-coisa-que-evolui-e-o-atraso-para-incentivar-a-leitura-no-brasil","status":"publish","type":"post","link":"https:\/\/www.pedroandretta.info\/index\/2020\/08\/quando-a-unica-coisa-que-evolui-e-o-atraso-para-incentivar-a-leitura-no-brasil\/","title":{"rendered":"Quando a \u00fanica coisa que evolui \u00e9 o atraso: para incentivar a leitura no #Brasil&#8230;"},"content":{"rendered":"<p>[ad_1]<\/p>\n<blockquote class=\"twitter-tweet\">\n<p lang=\"pt\" dir=\"ltr\">Quando a \u00fanica coisa que evolui \u00e9 o atraso: para incentivar a leitura no <a target=\"_blank\" href=\"https:\/\/twitter.com\/hashtag\/Brasil?src=hash&amp;ref_src=twsrc%5Etfw\" rel=\"noopener noreferrer\">#Brasil<\/a>, governo quer aumentar o pre\u00e7o dos <a target=\"_blank\" href=\"https:\/\/twitter.com\/hashtag\/livros?src=hash&amp;ref_src=twsrc%5Etfw\" rel=\"noopener noreferrer\">#livros<\/a> | \u201cO pa\u00eds das prioridades invertidas subverte sempre a l\u00f3gica, e d\u00e1 inveja a qualquer enredo tr\u00e1gico de livro\u201d via Revista Bula <a target=\"_blank\" href=\"https:\/\/t.co\/g3UxKMxw2T\" rel=\"noopener noreferrer\">https:\/\/t.co\/g3UxKMxw2T<\/a><\/p>\n<p>&mdash; Pedro Andretta (@pedroisandretta) <a target=\"_blank\" href=\"https:\/\/twitter.com\/pedroisandretta\/status\/1293258568783847424?ref_src=twsrc%5Etfw\" rel=\"noopener noreferrer\">August 11, 2020<\/a><\/p><\/blockquote>\n<p><script async src=\"https:\/\/platform.twitter.com\/widgets.js\" charset=\"utf-8\"><\/script><\/p>\n<p>[ad_2]<br \/>\n<br \/><a href=\"https:\/\/twitter.com\/pedroisandretta\/statuses\/1293258568783847424\">Fonte<\/a> : Projeto <a href=\"https:\/\/www.pedroandretta.info\/informeci\">Informe-CI<\/a><\/p>\n","protected":false},"excerpt":{"rendered":"<p>[ad_1] Quando a \u00fanica coisa que evolui \u00e9 o atraso: para incentivar a leitura no #Brasil, governo quer aumentar o pre\u00e7o dos #livros | \u201cO pa\u00eds das prioridades invertidas subverte sempre a l\u00f3gica, e d\u00e1 inveja a qualquer enredo tr\u00e1gico de livro\u201d via Revista Bula https:\/\/t.co\/g3UxKMxw2T &mdash; Pedro Andretta (@pedroisandretta) August 11, 2020 [ad_2] Fonte<\/p><\/div>\n<div class=\"blog-btn\"><a href=\"https:\/\/www.pedroandretta.info\/index\/2020\/08\/quando-a-unica-coisa-que-evolui-e-o-atraso-para-incentivar-a-leitura-no-brasil\/\" class=\"home-blog-btn\">Ler mais<\/a><\/p>\n","protected":false},"author":1,"featured_media":0,"comment_status":"open","ping_status":"open","sticky":false,"template":"","format":"standard","meta":{"_jetpack_memberships_contains_paid_content":false,"footnotes":"","jetpack_publicize_message":"","jetpack_publicize_feature_enabled":true,"jetpack_social_post_already_shared":true,"jetpack_social_options":{"image_generator_settings":{"template":"highway","default_image_id":0,"font":"","enabled":false},"version":2}},"categories":[21],"tags":[135,63],"class_list":["post-6803","post","type-post","status-publish","format-standard","hentry","category-informeci","tag-brasil","tag-livros"],"jetpack_publicize_connections":[],"jetpack_featured_media_url":"","views":"","jetpack_sharing_enabled":true,"_links":{"self":[{"href":"https:\/\/www.pedroandretta.info\/index\/wp-json\/wp\/v2\/posts\/6803","targetHints":{"allow":["GET"]}}],"collection":[{"href":"https:\/\/www.pedroandretta.info\/index\/wp-json\/wp\/v2\/posts"}],"about":[{"href":"https:\/\/www.pedroandretta.info\/index\/wp-json\/wp\/v2\/types\/post"}],"author":[{"embeddable":true,"href":"https:\/\/www.pedroandretta.info\/index\/wp-json\/wp\/v2\/users\/1"}],"replies":[{"embeddable":true,"href":"https:\/\/www.pedroandretta.info\/index\/wp-json\/wp\/v2\/comments?post=6803"}],"version-history":[{"count":0,"href":"https:\/\/www.pedroandretta.info\/index\/wp-json\/wp\/v2\/posts\/6803\/revisions"}],"wp:attachment":[{"href":"https:\/\/www.pedroandretta.info\/index\/wp-json\/wp\/v2\/media?parent=6803"}],"wp:term":[{"taxonomy":"category","embeddable":true,"href":"https:\/\/www.pedroandretta.info\/index\/wp-json\/wp\/v2\/categories?post=6803"},{"taxonomy":"post_tag","embeddable":true,"href":"https:\/\/www.pedroandretta.info\/index\/wp-json\/wp\/v2\/tags?post=6803"}],"curies":[{"name":"wp","href":"https:\/\/api.w.org\/{rel}","templated":true}]}}