{"id":6804,"date":"2020-08-11T15:12:33","date_gmt":"2020-08-11T19:12:33","guid":{"rendered":"https:\/\/www.pedroandretta.info\/index\/?p=6804"},"modified":"2020-08-11T15:12:33","modified_gmt":"2020-08-11T19:12:33","slug":"ux-design-como-ferramenta-na-producao-de-diversidade-para-se-ter-ideia-do-qu","status":"publish","type":"post","link":"https:\/\/www.pedroandretta.info\/index\/2020\/08\/ux-design-como-ferramenta-na-producao-de-diversidade-para-se-ter-ideia-do-qu\/","title":{"rendered":"UX Design como ferramenta na produ\u00e7\u00e3o de #diversidade | \u201cPara se ter ideia do qu&#8230;"},"content":{"rendered":"<p>[ad_1]<\/p>\n<blockquote class=\"twitter-tweet\">\n<p lang=\"pt\" dir=\"ltr\">UX Design como ferramenta na produ\u00e7\u00e3o de <a target=\"_blank\" href=\"https:\/\/twitter.com\/hashtag\/diversidade?src=hash&amp;ref_src=twsrc%5Etfw\" rel=\"noopener noreferrer\">#diversidade<\/a> | \u201cPara se ter ideia do quanto a diversidade \u00e9 importante, em 2001, a Unesco declarou que a pluralidade cultural \u00e9 t\u00e3o necess\u00e1ria para a constitui\u00e7\u00e3o humana, quanto a biologia \u00e9 para a natureza\u201d via UX <a target=\"_blank\" href=\"https:\/\/t.co\/2cEgz7lLvs\" rel=\"noopener noreferrer\">https:\/\/t.co\/2cEgz7lLvs<\/a><\/p>\n<p>&mdash; Pedro Andretta (@pedroisandretta) <a target=\"_blank\" href=\"https:\/\/twitter.com\/pedroisandretta\/status\/1293264054983823360?ref_src=twsrc%5Etfw\" rel=\"noopener noreferrer\">August 11, 2020<\/a><\/p><\/blockquote>\n<p><script async src=\"https:\/\/platform.twitter.com\/widgets.js\" charset=\"utf-8\"><\/script><\/p>\n<p>[ad_2]<br \/>\n<br \/><a href=\"https:\/\/twitter.com\/pedroisandretta\/statuses\/1293264054983823360\">Fonte<\/a> : Projeto <a href=\"https:\/\/www.pedroandretta.info\/informeci\">Informe-CI<\/a><\/p>\n","protected":false},"excerpt":{"rendered":"<p>[ad_1] UX Design como ferramenta na produ\u00e7\u00e3o de #diversidade | \u201cPara se ter ideia do quanto a diversidade \u00e9 importante, em 2001, a Unesco declarou que a pluralidade cultural \u00e9 t\u00e3o necess\u00e1ria para a constitui\u00e7\u00e3o humana, quanto a biologia \u00e9 para a natureza\u201d via UX https:\/\/t.co\/2cEgz7lLvs &mdash; Pedro Andretta (@pedroisandretta) August 11, 2020 [ad_2] Fonte<\/p><\/div>\n<div class=\"blog-btn\"><a href=\"https:\/\/www.pedroandretta.info\/index\/2020\/08\/ux-design-como-ferramenta-na-producao-de-diversidade-para-se-ter-ideia-do-qu\/\" class=\"home-blog-btn\">Ler mais<\/a><\/p>\n","protected":false},"author":1,"featured_media":0,"comment_status":"open","ping_status":"open","sticky":false,"template":"","format":"standard","meta":{"_jetpack_memberships_contains_paid_content":false,"footnotes":"","jetpack_publicize_message":"","jetpack_publicize_feature_enabled":true,"jetpack_social_post_already_shared":true,"jetpack_social_options":{"image_generator_settings":{"template":"highway","default_image_id":0,"font":"","enabled":false},"version":2}},"categories":[21],"tags":[304],"class_list":["post-6804","post","type-post","status-publish","format-standard","hentry","category-informeci","tag-diversidade"],"jetpack_publicize_connections":[],"jetpack_featured_media_url":"","views":"","jetpack_sharing_enabled":true,"_links":{"self":[{"href":"https:\/\/www.pedroandretta.info\/index\/wp-json\/wp\/v2\/posts\/6804","targetHints":{"allow":["GET"]}}],"collection":[{"href":"https:\/\/www.pedroandretta.info\/index\/wp-json\/wp\/v2\/posts"}],"about":[{"href":"https:\/\/www.pedroandretta.info\/index\/wp-json\/wp\/v2\/types\/post"}],"author":[{"embeddable":true,"href":"https:\/\/www.pedroandretta.info\/index\/wp-json\/wp\/v2\/users\/1"}],"replies":[{"embeddable":true,"href":"https:\/\/www.pedroandretta.info\/index\/wp-json\/wp\/v2\/comments?post=6804"}],"version-history":[{"count":0,"href":"https:\/\/www.pedroandretta.info\/index\/wp-json\/wp\/v2\/posts\/6804\/revisions"}],"wp:attachment":[{"href":"https:\/\/www.pedroandretta.info\/index\/wp-json\/wp\/v2\/media?parent=6804"}],"wp:term":[{"taxonomy":"category","embeddable":true,"href":"https:\/\/www.pedroandretta.info\/index\/wp-json\/wp\/v2\/categories?post=6804"},{"taxonomy":"post_tag","embeddable":true,"href":"https:\/\/www.pedroandretta.info\/index\/wp-json\/wp\/v2\/tags?post=6804"}],"curies":[{"name":"wp","href":"https:\/\/api.w.org\/{rel}","templated":true}]}}