{"id":6805,"date":"2020-08-11T15:41:43","date_gmt":"2020-08-11T19:41:43","guid":{"rendered":"https:\/\/www.pedroandretta.info\/index\/?p=6805"},"modified":"2020-08-11T15:41:43","modified_gmt":"2020-08-11T19:41:43","slug":"a-carencia-de-estudos-sobre-literatura-infantil-nos-curriculos-de-graduacao-de","status":"publish","type":"post","link":"https:\/\/www.pedroandretta.info\/index\/2020\/08\/a-carencia-de-estudos-sobre-literatura-infantil-nos-curriculos-de-graduacao-de\/","title":{"rendered":"A car\u00eancia de estudos sobre literatura infantil nos curr\u00edculos de gradua\u00e7\u00e3o de #&#8230;"},"content":{"rendered":"<p>[ad_1]<\/p>\n<blockquote class=\"twitter-tweet\">\n<p lang=\"pt\" dir=\"ltr\">A car\u00eancia de estudos sobre literatura infantil nos curr\u00edculos de gradua\u00e7\u00e3o de <a target=\"_blank\" href=\"https:\/\/twitter.com\/hashtag\/Biblioteconomia?src=hash&amp;ref_src=twsrc%5Etfw\" rel=\"noopener noreferrer\">#Biblioteconomia<\/a> no Brasil |\u201dOs resultados apontaram que apenas 20% dos cursos de biblioteconomia possuem em seus curr\u00edculos disciplinas que estudam a <a target=\"_blank\" href=\"https:\/\/twitter.com\/hashtag\/LiteraturaInfantil?src=hash&amp;ref_src=twsrc%5Etfw\" rel=\"noopener noreferrer\">#LiteraturaInfantil<\/a> [&#8230;]\u201d <a target=\"_blank\" href=\"https:\/\/t.co\/B7B898J5f0\" rel=\"noopener noreferrer\">https:\/\/t.co\/B7B898J5f0<\/a> <a target=\"_blank\" href=\"https:\/\/t.co\/2CLLTz7d6Z\" rel=\"noopener noreferrer\">pic.twitter.com\/2CLLTz7d6Z<\/a><\/p>\n<p>&mdash; Pedro Andretta (@pedroisandretta) <a target=\"_blank\" href=\"https:\/\/twitter.com\/pedroisandretta\/status\/1293271398136373248?ref_src=twsrc%5Etfw\" rel=\"noopener noreferrer\">August 11, 2020<\/a><\/p><\/blockquote>\n<p><script async src=\"https:\/\/platform.twitter.com\/widgets.js\" charset=\"utf-8\"><\/script><\/p>\n<p>[ad_2]<br \/>\n<br \/><a href=\"https:\/\/twitter.com\/pedroisandretta\/statuses\/1293271398136373248\">Fonte<\/a> : Projeto <a href=\"https:\/\/www.pedroandretta.info\/informeci\">Informe-CI<\/a><\/p>\n","protected":false},"excerpt":{"rendered":"<p>[ad_1] A car\u00eancia de estudos sobre literatura infantil nos curr\u00edculos de gradua\u00e7\u00e3o de #Biblioteconomia no Brasil |\u201dOs resultados apontaram que apenas 20% dos cursos de biblioteconomia possuem em seus curr\u00edculos disciplinas que estudam a #LiteraturaInfantil [&#8230;]\u201d https:\/\/t.co\/B7B898J5f0 pic.twitter.com\/2CLLTz7d6Z &mdash; Pedro Andretta (@pedroisandretta) August 11, 2020 [ad_2] Fonte : Projeto Informe-CI<\/p>\n","protected":false},"author":1,"featured_media":6806,"comment_status":"open","ping_status":"open","sticky":false,"template":"","format":"standard","meta":{"_jetpack_memberships_contains_paid_content":false,"footnotes":"","jetpack_publicize_message":"","jetpack_publicize_feature_enabled":true,"jetpack_social_post_already_shared":true,"jetpack_social_options":{"image_generator_settings":{"template":"highway","default_image_id":0,"font":"","enabled":false},"version":2}},"categories":[21],"tags":[33,827],"class_list":["post-6805","post","type-post","status-publish","format-standard","has-post-thumbnail","hentry","category-informeci","tag-biblioteconomia","tag-literaturainfantil"],"jetpack_publicize_connections":[],"jetpack_featured_media_url":"https:\/\/i0.wp.com\/www.pedroandretta.info\/index\/wp-content\/uploads\/2020\/08\/A-carencia-de-estudos-sobre-literatura-infantil-nos-curriculos-de.jpg?fit=590%2C831&ssl=1","views":"","jetpack_sharing_enabled":true,"_links":{"self":[{"href":"https:\/\/www.pedroandretta.info\/index\/wp-json\/wp\/v2\/posts\/6805","targetHints":{"allow":["GET"]}}],"collection":[{"href":"https:\/\/www.pedroandretta.info\/index\/wp-json\/wp\/v2\/posts"}],"about":[{"href":"https:\/\/www.pedroandretta.info\/index\/wp-json\/wp\/v2\/types\/post"}],"author":[{"embeddable":true,"href":"https:\/\/www.pedroandretta.info\/index\/wp-json\/wp\/v2\/users\/1"}],"replies":[{"embeddable":true,"href":"https:\/\/www.pedroandretta.info\/index\/wp-json\/wp\/v2\/comments?post=6805"}],"version-history":[{"count":0,"href":"https:\/\/www.pedroandretta.info\/index\/wp-json\/wp\/v2\/posts\/6805\/revisions"}],"wp:featuredmedia":[{"embeddable":true,"href":"https:\/\/www.pedroandretta.info\/index\/wp-json\/wp\/v2\/media\/6806"}],"wp:attachment":[{"href":"https:\/\/www.pedroandretta.info\/index\/wp-json\/wp\/v2\/media?parent=6805"}],"wp:term":[{"taxonomy":"category","embeddable":true,"href":"https:\/\/www.pedroandretta.info\/index\/wp-json\/wp\/v2\/categories?post=6805"},{"taxonomy":"post_tag","embeddable":true,"href":"https:\/\/www.pedroandretta.info\/index\/wp-json\/wp\/v2\/tags?post=6805"}],"curies":[{"name":"wp","href":"https:\/\/api.w.org\/{rel}","templated":true}]}}