{"id":6809,"date":"2020-08-11T23:23:57","date_gmt":"2020-08-12T03:23:57","guid":{"rendered":"https:\/\/www.pedroandretta.info\/index\/?p=6809"},"modified":"2020-08-11T23:23:57","modified_gmt":"2020-08-12T03:23:57","slug":"sos-cinemateca-brasileira-o-governo-pegou-as-chaves-mas-quem-cuida-alem","status":"publish","type":"post","link":"https:\/\/www.pedroandretta.info\/index\/2020\/08\/sos-cinemateca-brasileira-o-governo-pegou-as-chaves-mas-quem-cuida-alem\/","title":{"rendered":"SOS #Cinemateca Brasileira | \u201d\u2019O governo pegou as chaves, mas quem cuida?\u2019. Al\u00e9m&#8230;"},"content":{"rendered":"<p>[ad_1]<br \/>\n<img data-recalc-dims=\"1\" decoding=\"async\" src=\"https:\/\/i0.wp.com\/www.pedroandretta.info\/index\/wp-content\/uploads\/2020\/08\/SOS-Cinemateca-Brasileira-%E2%80%9DO-governo-pegou-as-chaves-mas.jpg?w=696&#038;ssl=1\"\/><\/p>\n<blockquote class=\"twitter-tweet\">\n<p lang=\"pt\" dir=\"ltr\">SOS <a target=\"_blank\" href=\"https:\/\/twitter.com\/hashtag\/Cinemateca?src=hash&amp;ref_src=twsrc%5Etfw\" rel=\"noopener noreferrer\">#Cinemateca<\/a> Brasileira | \u201d\u2019O governo pegou as chaves, mas quem cuida?\u2019. Al\u00e9m desta pergunta, fica mais uma d\u00favida: ser\u00e1 que os 2,8 milh\u00f5es de reais dar\u00e1 para manter a institui\u00e7\u00e3o, haja vista que o or\u00e7amento em 2019 era de 13 milh\u00f5es?\u201d via Biblioo <a target=\"_blank\" href=\"https:\/\/t.co\/zGnKYSf3JQ\" rel=\"noopener noreferrer\">https:\/\/t.co\/zGnKYSf3JQ<\/a><\/p>\n<p>&mdash; Pedro Andretta (@pedroisandretta) <a target=\"_blank\" href=\"https:\/\/twitter.com\/pedroisandretta\/status\/1293387723395469313?ref_src=twsrc%5Etfw\" rel=\"noopener noreferrer\">August 12, 2020<\/a><\/p><\/blockquote>\n<p><script async src=\"https:\/\/platform.twitter.com\/widgets.js\" charset=\"utf-8\"><\/script><\/p>\n<p>[ad_2]<br \/>\n<br \/><a href=\"https:\/\/twitter.com\/pedroisandretta\/statuses\/1293387723395469313\">Fonte<\/a> : Projeto <a href=\"https:\/\/www.pedroandretta.info\/informeci\">Informe-CI<\/a><\/p>\n","protected":false},"excerpt":{"rendered":"<p>[ad_1] SOS #Cinemateca Brasileira | \u201d\u2019O governo pegou as chaves, mas quem cuida?\u2019. Al\u00e9m desta pergunta, fica mais uma d\u00favida: ser\u00e1 que os 2,8 milh\u00f5es de reais dar\u00e1 para manter a institui\u00e7\u00e3o, haja vista que o or\u00e7amento em 2019 era de 13 milh\u00f5es?\u201d via Biblioo https:\/\/t.co\/zGnKYSf3JQ &mdash; Pedro Andretta (@pedroisandretta) August 12, 2020 [ad_2] Fonte<\/p><\/div>\n<div class=\"blog-btn\"><a href=\"https:\/\/www.pedroandretta.info\/index\/2020\/08\/sos-cinemateca-brasileira-o-governo-pegou-as-chaves-mas-quem-cuida-alem\/\" class=\"home-blog-btn\">Ler mais<\/a><\/p>\n","protected":false},"author":1,"featured_media":6810,"comment_status":"open","ping_status":"open","sticky":false,"template":"","format":"standard","meta":{"_jetpack_memberships_contains_paid_content":false,"footnotes":"","jetpack_publicize_message":"","jetpack_publicize_feature_enabled":true,"jetpack_social_post_already_shared":true,"jetpack_social_options":{"image_generator_settings":{"template":"highway","default_image_id":0,"font":"","enabled":false},"version":2}},"categories":[21],"tags":[874],"class_list":["post-6809","post","type-post","status-publish","format-standard","has-post-thumbnail","hentry","category-informeci","tag-cinemateca"],"jetpack_publicize_connections":[],"jetpack_featured_media_url":"https:\/\/i0.wp.com\/www.pedroandretta.info\/index\/wp-content\/uploads\/2020\/08\/SOS-Cinemateca-Brasileira-%E2%80%9DO-governo-pegou-as-chaves-mas.jpg?fit=1500%2C562&ssl=1","views":"","jetpack_sharing_enabled":true,"_links":{"self":[{"href":"https:\/\/www.pedroandretta.info\/index\/wp-json\/wp\/v2\/posts\/6809","targetHints":{"allow":["GET"]}}],"collection":[{"href":"https:\/\/www.pedroandretta.info\/index\/wp-json\/wp\/v2\/posts"}],"about":[{"href":"https:\/\/www.pedroandretta.info\/index\/wp-json\/wp\/v2\/types\/post"}],"author":[{"embeddable":true,"href":"https:\/\/www.pedroandretta.info\/index\/wp-json\/wp\/v2\/users\/1"}],"replies":[{"embeddable":true,"href":"https:\/\/www.pedroandretta.info\/index\/wp-json\/wp\/v2\/comments?post=6809"}],"version-history":[{"count":0,"href":"https:\/\/www.pedroandretta.info\/index\/wp-json\/wp\/v2\/posts\/6809\/revisions"}],"wp:featuredmedia":[{"embeddable":true,"href":"https:\/\/www.pedroandretta.info\/index\/wp-json\/wp\/v2\/media\/6810"}],"wp:attachment":[{"href":"https:\/\/www.pedroandretta.info\/index\/wp-json\/wp\/v2\/media?parent=6809"}],"wp:term":[{"taxonomy":"category","embeddable":true,"href":"https:\/\/www.pedroandretta.info\/index\/wp-json\/wp\/v2\/categories?post=6809"},{"taxonomy":"post_tag","embeddable":true,"href":"https:\/\/www.pedroandretta.info\/index\/wp-json\/wp\/v2\/tags?post=6809"}],"curies":[{"name":"wp","href":"https:\/\/api.w.org\/{rel}","templated":true}]}}