{"id":6820,"date":"2020-08-12T21:47:48","date_gmt":"2020-08-13T01:47:48","guid":{"rendered":"https:\/\/www.pedroandretta.info\/index\/?p=6820"},"modified":"2020-08-12T21:47:48","modified_gmt":"2020-08-13T01:47:48","slug":"a-falacia-de-guedes-o-aumento-do-preco-do-livro-tornara-um-bem-parcialmente-el","status":"publish","type":"post","link":"https:\/\/www.pedroandretta.info\/index\/2020\/08\/a-falacia-de-guedes-o-aumento-do-preco-do-livro-tornara-um-bem-parcialmente-el\/","title":{"rendered":"A fal\u00e1cia de Guedes |\u201cO aumento do pre\u00e7o do livro tornar\u00e1 um bem parcialmente el&#8230;"},"content":{"rendered":"<p>[ad_1]<\/p>\n<blockquote class=\"twitter-tweet\">\n<p lang=\"pt\" dir=\"ltr\">A fal\u00e1cia de Guedes |\u201cO aumento do pre\u00e7o do livro tornar\u00e1 um bem parcialmente elitizado em mais elitizado ainda. [&#8230;] Que liberalismo \u00e9 esse que defende o dirigismo estatal na escolha do que o pobre deve ou n\u00e3o deve ler?\u201d <a target=\"_blank\" href=\"https:\/\/twitter.com\/hashtag\/DEFENDAOLIVRO?src=hash&amp;ref_src=twsrc%5Etfw\" rel=\"noopener noreferrer\">#DEFENDAOLIVRO<\/a> via Cia das Letras <a target=\"_blank\" href=\"https:\/\/t.co\/fMaZDmsa6x\" rel=\"noopener noreferrer\">https:\/\/t.co\/fMaZDmsa6x<\/a><\/p>\n<p>&mdash; Pedro Andretta (@pedroisandretta) <a target=\"_blank\" href=\"https:\/\/twitter.com\/pedroisandretta\/status\/1293725914455584770?ref_src=twsrc%5Etfw\" rel=\"noopener noreferrer\">August 13, 2020<\/a><\/p><\/blockquote>\n<p><script async src=\"https:\/\/platform.twitter.com\/widgets.js\" charset=\"utf-8\"><\/script><\/p>\n<p>[ad_2]<br \/>\n<br \/><a href=\"https:\/\/twitter.com\/pedroisandretta\/statuses\/1293725914455584770\">Fonte<\/a> : Projeto <a href=\"https:\/\/www.pedroandretta.info\/informeci\">Informe-CI<\/a><\/p>\n","protected":false},"excerpt":{"rendered":"<p>[ad_1] A fal\u00e1cia de Guedes |\u201cO aumento do pre\u00e7o do livro tornar\u00e1 um bem parcialmente elitizado em mais elitizado ainda. [&#8230;] Que liberalismo \u00e9 esse que defende o dirigismo estatal na escolha do que o pobre deve ou n\u00e3o deve ler?\u201d #DEFENDAOLIVRO via Cia das Letras https:\/\/t.co\/fMaZDmsa6x &mdash; Pedro Andretta (@pedroisandretta) August 13, 2020 [ad_2]<\/p><\/div>\n<div class=\"blog-btn\"><a href=\"https:\/\/www.pedroandretta.info\/index\/2020\/08\/a-falacia-de-guedes-o-aumento-do-preco-do-livro-tornara-um-bem-parcialmente-el\/\" class=\"home-blog-btn\">Ler mais<\/a><\/p>\n","protected":false},"author":1,"featured_media":0,"comment_status":"open","ping_status":"open","sticky":false,"template":"","format":"standard","meta":{"_jetpack_memberships_contains_paid_content":false,"footnotes":"","jetpack_publicize_message":"","jetpack_publicize_feature_enabled":true,"jetpack_social_post_already_shared":true,"jetpack_social_options":{"image_generator_settings":{"template":"highway","default_image_id":0,"font":"","enabled":false},"version":2}},"categories":[21],"tags":[1251],"class_list":["post-6820","post","type-post","status-publish","format-standard","hentry","category-informeci","tag-defendaolivro"],"jetpack_publicize_connections":[],"jetpack_featured_media_url":"","views":"","jetpack_sharing_enabled":true,"_links":{"self":[{"href":"https:\/\/www.pedroandretta.info\/index\/wp-json\/wp\/v2\/posts\/6820","targetHints":{"allow":["GET"]}}],"collection":[{"href":"https:\/\/www.pedroandretta.info\/index\/wp-json\/wp\/v2\/posts"}],"about":[{"href":"https:\/\/www.pedroandretta.info\/index\/wp-json\/wp\/v2\/types\/post"}],"author":[{"embeddable":true,"href":"https:\/\/www.pedroandretta.info\/index\/wp-json\/wp\/v2\/users\/1"}],"replies":[{"embeddable":true,"href":"https:\/\/www.pedroandretta.info\/index\/wp-json\/wp\/v2\/comments?post=6820"}],"version-history":[{"count":0,"href":"https:\/\/www.pedroandretta.info\/index\/wp-json\/wp\/v2\/posts\/6820\/revisions"}],"wp:attachment":[{"href":"https:\/\/www.pedroandretta.info\/index\/wp-json\/wp\/v2\/media?parent=6820"}],"wp:term":[{"taxonomy":"category","embeddable":true,"href":"https:\/\/www.pedroandretta.info\/index\/wp-json\/wp\/v2\/categories?post=6820"},{"taxonomy":"post_tag","embeddable":true,"href":"https:\/\/www.pedroandretta.info\/index\/wp-json\/wp\/v2\/tags?post=6820"}],"curies":[{"name":"wp","href":"https:\/\/api.w.org\/{rel}","templated":true}]}}