{"id":6823,"date":"2020-08-13T01:37:27","date_gmt":"2020-08-13T05:37:27","guid":{"rendered":"https:\/\/www.pedroandretta.info\/index\/?p=6823"},"modified":"2020-08-13T01:37:27","modified_gmt":"2020-08-13T05:37:27","slug":"abaixo-assinado-contra-a-reoneracao-do-livro-ja-colheu-mais-de-243-mil-assinatur","status":"publish","type":"post","link":"https:\/\/www.pedroandretta.info\/index\/2020\/08\/abaixo-assinado-contra-a-reoneracao-do-livro-ja-colheu-mais-de-243-mil-assinatur\/","title":{"rendered":"Abaixo-assinado contra a reonera\u00e7\u00e3o do livro j\u00e1 colheu mais de 243 mil assinatur&#8230;"},"content":{"rendered":"<p>[ad_1]<br \/>\n<img data-recalc-dims=\"1\" decoding=\"async\" src=\"https:\/\/i0.wp.com\/www.pedroandretta.info\/index\/wp-content\/uploads\/2020\/08\/Abaixo-assinado-contra-a-reoneracao-do-livro-ja-colheu-mais-de.jpg?w=696&#038;ssl=1\"\/><\/p>\n<blockquote class=\"twitter-tweet\">\n<p lang=\"pt\" dir=\"ltr\">Abaixo-assinado contra a reonera\u00e7\u00e3o do livro j\u00e1 colheu mais de 243 mil assinaturas |\u201cOs subscritores da peti\u00e7\u00e3o p\u00fablica dizem N\u00c3O \u00e0 tributa\u00e7\u00e3o do livro com a nova CBS, contribui\u00e7\u00e3o proposta pela reforma tribut\u00e1ria apresentada pelo Governo\u201d via PublishNews <a target=\"_blank\" href=\"https:\/\/t.co\/0Wi1TxTxaL\" rel=\"noopener noreferrer\">https:\/\/t.co\/0Wi1TxTxaL<\/a><\/p>\n<p>&mdash; Pedro Andretta (@pedroisandretta) <a target=\"_blank\" href=\"https:\/\/twitter.com\/pedroisandretta\/status\/1293783704037359623?ref_src=twsrc%5Etfw\" rel=\"noopener noreferrer\">August 13, 2020<\/a><\/p><\/blockquote>\n<p><script async src=\"https:\/\/platform.twitter.com\/widgets.js\" charset=\"utf-8\"><\/script><\/p>\n<p>[ad_2]<br \/>\n<br \/><a href=\"https:\/\/twitter.com\/pedroisandretta\/statuses\/1293783704037359623\">Fonte<\/a> : Projeto <a href=\"https:\/\/www.pedroandretta.info\/informeci\">Informe-CI<\/a><\/p>\n","protected":false},"excerpt":{"rendered":"<p>[ad_1] Abaixo-assinado contra a reonera\u00e7\u00e3o do livro j\u00e1 colheu mais de 243 mil assinaturas |\u201cOs subscritores da peti\u00e7\u00e3o p\u00fablica dizem N\u00c3O \u00e0 tributa\u00e7\u00e3o do livro com a nova CBS, contribui\u00e7\u00e3o proposta pela reforma tribut\u00e1ria apresentada pelo Governo\u201d via PublishNews https:\/\/t.co\/0Wi1TxTxaL &mdash; Pedro Andretta (@pedroisandretta) August 13, 2020 [ad_2] Fonte : Projeto Informe-CI<\/p>\n","protected":false},"author":1,"featured_media":6824,"comment_status":"open","ping_status":"open","sticky":false,"template":"","format":"standard","meta":{"_jetpack_memberships_contains_paid_content":false,"footnotes":"","jetpack_publicize_message":"","jetpack_publicize_feature_enabled":true,"jetpack_social_post_already_shared":true,"jetpack_social_options":{"image_generator_settings":{"template":"highway","default_image_id":0,"font":"","enabled":false},"version":2}},"categories":[21],"tags":[],"class_list":["post-6823","post","type-post","status-publish","format-standard","has-post-thumbnail","hentry","category-informeci"],"jetpack_publicize_connections":[],"jetpack_featured_media_url":"https:\/\/i0.wp.com\/www.pedroandretta.info\/index\/wp-content\/uploads\/2020\/08\/Abaixo-assinado-contra-a-reoneracao-do-livro-ja-colheu-mais-de.jpg?fit=800%2C366&ssl=1","views":"","jetpack_sharing_enabled":true,"_links":{"self":[{"href":"https:\/\/www.pedroandretta.info\/index\/wp-json\/wp\/v2\/posts\/6823","targetHints":{"allow":["GET"]}}],"collection":[{"href":"https:\/\/www.pedroandretta.info\/index\/wp-json\/wp\/v2\/posts"}],"about":[{"href":"https:\/\/www.pedroandretta.info\/index\/wp-json\/wp\/v2\/types\/post"}],"author":[{"embeddable":true,"href":"https:\/\/www.pedroandretta.info\/index\/wp-json\/wp\/v2\/users\/1"}],"replies":[{"embeddable":true,"href":"https:\/\/www.pedroandretta.info\/index\/wp-json\/wp\/v2\/comments?post=6823"}],"version-history":[{"count":0,"href":"https:\/\/www.pedroandretta.info\/index\/wp-json\/wp\/v2\/posts\/6823\/revisions"}],"wp:featuredmedia":[{"embeddable":true,"href":"https:\/\/www.pedroandretta.info\/index\/wp-json\/wp\/v2\/media\/6824"}],"wp:attachment":[{"href":"https:\/\/www.pedroandretta.info\/index\/wp-json\/wp\/v2\/media?parent=6823"}],"wp:term":[{"taxonomy":"category","embeddable":true,"href":"https:\/\/www.pedroandretta.info\/index\/wp-json\/wp\/v2\/categories?post=6823"},{"taxonomy":"post_tag","embeddable":true,"href":"https:\/\/www.pedroandretta.info\/index\/wp-json\/wp\/v2\/tags?post=6823"}],"curies":[{"name":"wp","href":"https:\/\/api.w.org\/{rel}","templated":true}]}}