{"id":6825,"date":"2020-08-13T01:15:59","date_gmt":"2020-08-13T05:15:59","guid":{"rendered":"https:\/\/www.pedroandretta.info\/index\/?p=6825"},"modified":"2020-08-13T01:15:59","modified_gmt":"2020-08-13T05:15:59","slug":"organizacao-social-anuncia-que-vai-demitir-todos-os-funcionarios-da-cinemateca","status":"publish","type":"post","link":"https:\/\/www.pedroandretta.info\/index\/2020\/08\/organizacao-social-anuncia-que-vai-demitir-todos-os-funcionarios-da-cinemateca\/","title":{"rendered":"Organiza\u00e7\u00e3o social anuncia que vai demitir todos os funcion\u00e1rios da #Cinemateca &#8230;"},"content":{"rendered":"<p>[ad_1]<br \/>\n<img data-recalc-dims=\"1\" decoding=\"async\" src=\"https:\/\/i0.wp.com\/www.pedroandretta.info\/index\/wp-content\/uploads\/2020\/05\/Cinemateca-para-onde-Bolsonaro-quer-enviar-Regina-Duarte-teve.jpg?w=696&#038;ssl=1\"\/><\/p>\n<blockquote class=\"twitter-tweet\">\n<p lang=\"pt\" dir=\"ltr\">Organiza\u00e7\u00e3o social anuncia que vai demitir todos os funcion\u00e1rios da <a target=\"_blank\" href=\"https:\/\/twitter.com\/hashtag\/Cinemateca?src=hash&amp;ref_src=twsrc%5Etfw\" rel=\"noopener noreferrer\">#Cinemateca<\/a> |\u201cA Acerp (Associa\u00e7\u00e3o de Comunica\u00e7\u00e3o Educativa Roquette Pinto) informou na tarde desta quarta que ter\u00e1 que demitir todos os funcion\u00e1rios da Cinemateca Brasileira\u201d via Folha <a target=\"_blank\" href=\"https:\/\/t.co\/bFZGKml2Tl\" rel=\"noopener noreferrer\">https:\/\/t.co\/bFZGKml2Tl<\/a><\/p>\n<p>&mdash; Pedro Andretta (@pedroisandretta) <a target=\"_blank\" href=\"https:\/\/twitter.com\/pedroisandretta\/status\/1293778302424035328?ref_src=twsrc%5Etfw\" rel=\"noopener noreferrer\">August 13, 2020<\/a><\/p><\/blockquote>\n<p><script async src=\"https:\/\/platform.twitter.com\/widgets.js\" charset=\"utf-8\"><\/script><\/p>\n<p>[ad_2]<br \/>\n<br \/><a href=\"https:\/\/twitter.com\/pedroisandretta\/statuses\/1293778302424035328\">Fonte<\/a> : Projeto <a href=\"https:\/\/www.pedroandretta.info\/informeci\">Informe-CI<\/a><\/p>\n","protected":false},"excerpt":{"rendered":"<p>[ad_1] Organiza\u00e7\u00e3o social anuncia que vai demitir todos os funcion\u00e1rios da #Cinemateca |\u201cA Acerp (Associa\u00e7\u00e3o de Comunica\u00e7\u00e3o Educativa Roquette Pinto) informou na tarde desta quarta que ter\u00e1 que demitir todos os funcion\u00e1rios da Cinemateca Brasileira\u201d via Folha https:\/\/t.co\/bFZGKml2Tl &mdash; Pedro Andretta (@pedroisandretta) August 13, 2020 [ad_2] Fonte : Projeto Informe-CI<\/p>\n","protected":false},"author":1,"featured_media":5687,"comment_status":"open","ping_status":"open","sticky":false,"template":"","format":"standard","meta":{"_jetpack_memberships_contains_paid_content":false,"footnotes":"","jetpack_publicize_message":"","jetpack_publicize_feature_enabled":true,"jetpack_social_post_already_shared":true,"jetpack_social_options":{"image_generator_settings":{"template":"highway","default_image_id":0,"font":"","enabled":false},"version":2}},"categories":[21],"tags":[874],"class_list":["post-6825","post","type-post","status-publish","format-standard","has-post-thumbnail","hentry","category-informeci","tag-cinemateca"],"jetpack_publicize_connections":[],"jetpack_featured_media_url":"https:\/\/i0.wp.com\/www.pedroandretta.info\/index\/wp-content\/uploads\/2020\/05\/Cinemateca-para-onde-Bolsonaro-quer-enviar-Regina-Duarte-teve.jpg?fit=1200%2C800&ssl=1","views":"","jetpack_sharing_enabled":true,"_links":{"self":[{"href":"https:\/\/www.pedroandretta.info\/index\/wp-json\/wp\/v2\/posts\/6825","targetHints":{"allow":["GET"]}}],"collection":[{"href":"https:\/\/www.pedroandretta.info\/index\/wp-json\/wp\/v2\/posts"}],"about":[{"href":"https:\/\/www.pedroandretta.info\/index\/wp-json\/wp\/v2\/types\/post"}],"author":[{"embeddable":true,"href":"https:\/\/www.pedroandretta.info\/index\/wp-json\/wp\/v2\/users\/1"}],"replies":[{"embeddable":true,"href":"https:\/\/www.pedroandretta.info\/index\/wp-json\/wp\/v2\/comments?post=6825"}],"version-history":[{"count":0,"href":"https:\/\/www.pedroandretta.info\/index\/wp-json\/wp\/v2\/posts\/6825\/revisions"}],"wp:featuredmedia":[{"embeddable":true,"href":"https:\/\/www.pedroandretta.info\/index\/wp-json\/wp\/v2\/media\/5687"}],"wp:attachment":[{"href":"https:\/\/www.pedroandretta.info\/index\/wp-json\/wp\/v2\/media?parent=6825"}],"wp:term":[{"taxonomy":"category","embeddable":true,"href":"https:\/\/www.pedroandretta.info\/index\/wp-json\/wp\/v2\/categories?post=6825"},{"taxonomy":"post_tag","embeddable":true,"href":"https:\/\/www.pedroandretta.info\/index\/wp-json\/wp\/v2\/tags?post=6825"}],"curies":[{"name":"wp","href":"https:\/\/api.w.org\/{rel}","templated":true}]}}