{"id":6922,"date":"2020-08-21T15:58:55","date_gmt":"2020-08-21T19:58:55","guid":{"rendered":"https:\/\/www.pedroandretta.info\/index\/?p=6922"},"modified":"2020-08-21T15:58:55","modified_gmt":"2020-08-21T19:58:55","slug":"pelos-valores-cristaos-deputado-propoe-a-criacao-do-dia-de-ler-tolkien-so","status":"publish","type":"post","link":"https:\/\/www.pedroandretta.info\/index\/2020\/08\/pelos-valores-cristaos-deputado-propoe-a-criacao-do-dia-de-ler-tolkien-so\/","title":{"rendered":"Pelos \u2018valores crist\u00e3os\u2019, deputado prop\u00f5e a cria\u00e7\u00e3o do &#8216;Dia de Ler Tolkien&#8217; | S\u00f3&#8230;"},"content":{"rendered":"<p>[ad_1]<br \/>\n<img data-recalc-dims=\"1\" decoding=\"async\" src=\"https:\/\/i0.wp.com\/www.pedroandretta.info\/index\/wp-content\/uploads\/2020\/08\/Pelos-%E2%80%98valores-cristaos-deputado-propoe-a-criacao-do-Dia-de.jpg?w=696&#038;ssl=1\"\/><\/p>\n<blockquote class=\"twitter-tweet\">\n<p lang=\"pt\" dir=\"ltr\">Pelos \u2018valores crist\u00e3os\u2019, deputado prop\u00f5e a cria\u00e7\u00e3o do &#39;Dia de Ler Tolkien&#39; | S\u00f3 aceito se tiver tamb\u00e9m o dia de ler Marion Bradley, ou a semana de ler Harry Potter, George R. R. Martin, ou ainda do ler Machado de Assis! <a target=\"_blank\" href=\"https:\/\/twitter.com\/hashtag\/DiadeLerTolkien?src=hash&amp;ref_src=twsrc%5Etfw\" rel=\"noopener noreferrer\">#DiadeLerTolkien<\/a>  via PublishNews <a target=\"_blank\" href=\"https:\/\/t.co\/tbodeYphK4\" rel=\"noopener noreferrer\">https:\/\/t.co\/tbodeYphK4<\/a><\/p>\n<p>&mdash; Pedro Andretta (@pedroisandretta) <a target=\"_blank\" href=\"https:\/\/twitter.com\/pedroisandretta\/status\/1296899604080926720?ref_src=twsrc%5Etfw\" rel=\"noopener noreferrer\">August 21, 2020<\/a><\/p><\/blockquote>\n<p><script async src=\"https:\/\/platform.twitter.com\/widgets.js\" charset=\"utf-8\"><\/script><\/p>\n<p>[ad_2]<br \/>\n<br \/><a href=\"https:\/\/twitter.com\/pedroisandretta\/statuses\/1296899604080926720\">Fonte<\/a> : Projeto <a href=\"https:\/\/www.pedroandretta.info\/informeci\">Informe-CI<\/a><\/p>\n","protected":false},"excerpt":{"rendered":"<p>[ad_1] Pelos \u2018valores crist\u00e3os\u2019, deputado prop\u00f5e a cria\u00e7\u00e3o do &#39;Dia de Ler Tolkien&#39; | S\u00f3 aceito se tiver tamb\u00e9m o dia de ler Marion Bradley, ou a semana de ler Harry Potter, George R. R. Martin, ou ainda do ler Machado de Assis! #DiadeLerTolkien via PublishNews https:\/\/t.co\/tbodeYphK4 &mdash; Pedro Andretta (@pedroisandretta) August 21, 2020 [ad_2]<\/p><\/div>\n<div class=\"blog-btn\"><a href=\"https:\/\/www.pedroandretta.info\/index\/2020\/08\/pelos-valores-cristaos-deputado-propoe-a-criacao-do-dia-de-ler-tolkien-so\/\" class=\"home-blog-btn\">Ler mais<\/a><\/p>\n","protected":false},"author":1,"featured_media":6923,"comment_status":"open","ping_status":"open","sticky":false,"template":"","format":"standard","meta":{"_jetpack_memberships_contains_paid_content":false,"footnotes":"","jetpack_publicize_message":"","jetpack_publicize_feature_enabled":true,"jetpack_social_post_already_shared":true,"jetpack_social_options":{"image_generator_settings":{"template":"highway","default_image_id":0,"font":"","enabled":false},"version":2}},"categories":[21],"tags":[1283],"class_list":["post-6922","post","type-post","status-publish","format-standard","has-post-thumbnail","hentry","category-informeci","tag-diadelertolkien"],"jetpack_publicize_connections":[],"jetpack_featured_media_url":"https:\/\/i0.wp.com\/www.pedroandretta.info\/index\/wp-content\/uploads\/2020\/08\/Pelos-%E2%80%98valores-cristaos-deputado-propoe-a-criacao-do-Dia-de.jpg?fit=662%2C443&ssl=1","views":"","jetpack_sharing_enabled":true,"_links":{"self":[{"href":"https:\/\/www.pedroandretta.info\/index\/wp-json\/wp\/v2\/posts\/6922","targetHints":{"allow":["GET"]}}],"collection":[{"href":"https:\/\/www.pedroandretta.info\/index\/wp-json\/wp\/v2\/posts"}],"about":[{"href":"https:\/\/www.pedroandretta.info\/index\/wp-json\/wp\/v2\/types\/post"}],"author":[{"embeddable":true,"href":"https:\/\/www.pedroandretta.info\/index\/wp-json\/wp\/v2\/users\/1"}],"replies":[{"embeddable":true,"href":"https:\/\/www.pedroandretta.info\/index\/wp-json\/wp\/v2\/comments?post=6922"}],"version-history":[{"count":0,"href":"https:\/\/www.pedroandretta.info\/index\/wp-json\/wp\/v2\/posts\/6922\/revisions"}],"wp:featuredmedia":[{"embeddable":true,"href":"https:\/\/www.pedroandretta.info\/index\/wp-json\/wp\/v2\/media\/6923"}],"wp:attachment":[{"href":"https:\/\/www.pedroandretta.info\/index\/wp-json\/wp\/v2\/media?parent=6922"}],"wp:term":[{"taxonomy":"category","embeddable":true,"href":"https:\/\/www.pedroandretta.info\/index\/wp-json\/wp\/v2\/categories?post=6922"},{"taxonomy":"post_tag","embeddable":true,"href":"https:\/\/www.pedroandretta.info\/index\/wp-json\/wp\/v2\/tags?post=6922"}],"curies":[{"name":"wp","href":"https:\/\/api.w.org\/{rel}","templated":true}]}}