{"id":6933,"date":"2020-08-22T17:13:15","date_gmt":"2020-08-22T21:13:15","guid":{"rendered":"https:\/\/www.pedroandretta.info\/index\/?p=6933"},"modified":"2020-08-22T17:13:15","modified_gmt":"2020-08-22T21:13:15","slug":"entenda-por-que-musicos-declaram-guerra-ao-governo-por-seus-direitosautorais","status":"publish","type":"post","link":"https:\/\/www.pedroandretta.info\/index\/2020\/08\/entenda-por-que-musicos-declaram-guerra-ao-governo-por-seus-direitosautorais\/","title":{"rendered":"Entenda por que m\u00fasicos declaram guerra ao governo por seus #DireitosAutorais | &#8230;"},"content":{"rendered":"<p>[ad_1]<br \/>\n<img data-recalc-dims=\"1\" decoding=\"async\" src=\"https:\/\/i0.wp.com\/www.pedroandretta.info\/index\/wp-content\/uploads\/2020\/08\/Entenda-por-que-musicos-declaram-guerra-ao-governo-por-seus.jpg?w=696&#038;ssl=1\"\/><\/p>\n<blockquote class=\"twitter-tweet\">\n<p lang=\"pt\" dir=\"ltr\">Entenda por que m\u00fasicos declaram guerra ao governo por seus <a target=\"_blank\" href=\"https:\/\/twitter.com\/hashtag\/DireitosAutorais?src=hash&amp;ref_src=twsrc%5Etfw\" rel=\"noopener noreferrer\">#DireitosAutorais<\/a> | \u201c\u2018Eu tenho um conselho para a rede hoteleira: n\u00e3o quer pagar a <a target=\"_blank\" href=\"https:\/\/twitter.com\/hashtag\/m%C3%BAsica?src=hash&amp;ref_src=twsrc%5Etfw\" rel=\"noopener noreferrer\">#m\u00fasica<\/a> , n\u00e3o toca a m\u00fasica. Deixa o hotel no sil\u00eancio\u2019, disse Anitta [&#8230;]\u201d via Folha <a target=\"_blank\" href=\"https:\/\/t.co\/omxhlWFjzE\" rel=\"noopener noreferrer\">https:\/\/t.co\/omxhlWFjzE<\/a><\/p>\n<p>&mdash; Pedro Andretta (@pedroisandretta) <a target=\"_blank\" href=\"https:\/\/twitter.com\/pedroisandretta\/status\/1297280698395615233?ref_src=twsrc%5Etfw\" rel=\"noopener noreferrer\">August 22, 2020<\/a><\/p><\/blockquote>\n<p><script async src=\"https:\/\/platform.twitter.com\/widgets.js\" charset=\"utf-8\"><\/script><\/p>\n<p>[ad_2]<br \/>\n<br \/><a href=\"https:\/\/twitter.com\/pedroisandretta\/statuses\/1297280698395615233\">Fonte<\/a> : Projeto <a href=\"https:\/\/www.pedroandretta.info\/informeci\">Informe-CI<\/a><\/p>\n","protected":false},"excerpt":{"rendered":"<p>[ad_1] Entenda por que m\u00fasicos declaram guerra ao governo por seus #DireitosAutorais | \u201c\u2018Eu tenho um conselho para a rede hoteleira: n\u00e3o quer pagar a #m\u00fasica , n\u00e3o toca a m\u00fasica. Deixa o hotel no sil\u00eancio\u2019, disse Anitta [&#8230;]\u201d via Folha https:\/\/t.co\/omxhlWFjzE &mdash; Pedro Andretta (@pedroisandretta) August 22, 2020 [ad_2] Fonte : Projeto Informe-CI<\/p>\n","protected":false},"author":1,"featured_media":6934,"comment_status":"open","ping_status":"open","sticky":false,"template":"","format":"standard","meta":{"_jetpack_memberships_contains_paid_content":false,"footnotes":"","jetpack_publicize_message":"","jetpack_publicize_feature_enabled":true,"jetpack_social_post_already_shared":true,"jetpack_social_options":{"image_generator_settings":{"template":"highway","default_image_id":0,"font":"","enabled":false},"version":2}},"categories":[21],"tags":[301,685],"class_list":["post-6933","post","type-post","status-publish","format-standard","has-post-thumbnail","hentry","category-informeci","tag-direitosautorais","tag-musica"],"jetpack_publicize_connections":[],"jetpack_featured_media_url":"https:\/\/i0.wp.com\/www.pedroandretta.info\/index\/wp-content\/uploads\/2020\/08\/Entenda-por-que-musicos-declaram-guerra-ao-governo-por-seus.jpg?fit=2400%2C1600&ssl=1","views":"","jetpack_sharing_enabled":true,"_links":{"self":[{"href":"https:\/\/www.pedroandretta.info\/index\/wp-json\/wp\/v2\/posts\/6933","targetHints":{"allow":["GET"]}}],"collection":[{"href":"https:\/\/www.pedroandretta.info\/index\/wp-json\/wp\/v2\/posts"}],"about":[{"href":"https:\/\/www.pedroandretta.info\/index\/wp-json\/wp\/v2\/types\/post"}],"author":[{"embeddable":true,"href":"https:\/\/www.pedroandretta.info\/index\/wp-json\/wp\/v2\/users\/1"}],"replies":[{"embeddable":true,"href":"https:\/\/www.pedroandretta.info\/index\/wp-json\/wp\/v2\/comments?post=6933"}],"version-history":[{"count":0,"href":"https:\/\/www.pedroandretta.info\/index\/wp-json\/wp\/v2\/posts\/6933\/revisions"}],"wp:featuredmedia":[{"embeddable":true,"href":"https:\/\/www.pedroandretta.info\/index\/wp-json\/wp\/v2\/media\/6934"}],"wp:attachment":[{"href":"https:\/\/www.pedroandretta.info\/index\/wp-json\/wp\/v2\/media?parent=6933"}],"wp:term":[{"taxonomy":"category","embeddable":true,"href":"https:\/\/www.pedroandretta.info\/index\/wp-json\/wp\/v2\/categories?post=6933"},{"taxonomy":"post_tag","embeddable":true,"href":"https:\/\/www.pedroandretta.info\/index\/wp-json\/wp\/v2\/tags?post=6933"}],"curies":[{"name":"wp","href":"https:\/\/api.w.org\/{rel}","templated":true}]}}