{"id":6985,"date":"2020-08-26T16:03:34","date_gmt":"2020-08-26T20:03:34","guid":{"rendered":"https:\/\/www.pedroandretta.info\/index\/?p=6985"},"modified":"2020-08-26T16:03:34","modified_gmt":"2020-08-26T20:03:34","slug":"possivel-formula-para-reabrir-escolas-um-calculo-pode-permitir-avaliar-o-ris","status":"publish","type":"post","link":"https:\/\/www.pedroandretta.info\/index\/2020\/08\/possivel-formula-para-reabrir-escolas-um-calculo-pode-permitir-avaliar-o-ris\/","title":{"rendered":"Poss\u00edvel f\u00f3rmula para reabrir #escolas | \u201cUm c\u00e1lculo pode permitir avaliar o ris&#8230;"},"content":{"rendered":"<p>[ad_1]<\/p>\n<blockquote class=\"twitter-tweet\">\n<p lang=\"pt\" dir=\"ltr\">Poss\u00edvel f\u00f3rmula para reabrir <a target=\"_blank\" href=\"https:\/\/twitter.com\/hashtag\/escolas?src=hash&amp;ref_src=twsrc%5Etfw\" rel=\"noopener noreferrer\">#escolas<\/a> | \u201cUm c\u00e1lculo pode permitir avaliar o risco de haver uma crian\u00e7a infectada com o v\u00edrus Sars-CoV-2, por\u00e9m assintom\u00e1tica, [&#8230;] \u2013 e assim contribuir para planejar o retorno do ensino presencial\u201d <a target=\"_blank\" href=\"https:\/\/twitter.com\/hashtag\/covid19?src=hash&amp;ref_src=twsrc%5Etfw\" rel=\"noopener noreferrer\">#covid19<\/a> via Fapesp <a target=\"_blank\" href=\"https:\/\/t.co\/uxLyBWxg2T\" rel=\"noopener noreferrer\">https:\/\/t.co\/uxLyBWxg2T<\/a><\/p>\n<p>&mdash; Pedro Andretta (@pedroisandretta) <a target=\"_blank\" href=\"https:\/\/twitter.com\/pedroisandretta\/status\/1298712713363779585?ref_src=twsrc%5Etfw\" rel=\"noopener noreferrer\">August 26, 2020<\/a><\/p><\/blockquote>\n<p><script async src=\"https:\/\/platform.twitter.com\/widgets.js\" charset=\"utf-8\"><\/script><\/p>\n<p>[ad_2]<br \/>\n<br \/><a href=\"https:\/\/twitter.com\/pedroisandretta\/statuses\/1298712713363779585\">Fonte<\/a> : Projeto <a href=\"https:\/\/www.pedroandretta.info\/informeci\">Informe-CI<\/a><\/p>\n","protected":false},"excerpt":{"rendered":"<p>[ad_1] Poss\u00edvel f\u00f3rmula para reabrir #escolas | \u201cUm c\u00e1lculo pode permitir avaliar o risco de haver uma crian\u00e7a infectada com o v\u00edrus Sars-CoV-2, por\u00e9m assintom\u00e1tica, [&#8230;] \u2013 e assim contribuir para planejar o retorno do ensino presencial\u201d #covid19 via Fapesp https:\/\/t.co\/uxLyBWxg2T &mdash; Pedro Andretta (@pedroisandretta) August 26, 2020 [ad_2] Fonte : Projeto Informe-CI<\/p>\n","protected":false},"author":1,"featured_media":0,"comment_status":"open","ping_status":"open","sticky":false,"template":"","format":"standard","meta":{"_jetpack_memberships_contains_paid_content":false,"footnotes":"","jetpack_publicize_message":"","jetpack_publicize_feature_enabled":true,"jetpack_social_post_already_shared":true,"jetpack_social_options":{"image_generator_settings":{"template":"highway","default_image_id":0,"font":"","enabled":false},"version":2}},"categories":[21],"tags":[618,81],"class_list":["post-6985","post","type-post","status-publish","format-standard","hentry","category-informeci","tag-covid19","tag-escolas"],"jetpack_publicize_connections":[],"jetpack_featured_media_url":"","views":"","jetpack_sharing_enabled":true,"_links":{"self":[{"href":"https:\/\/www.pedroandretta.info\/index\/wp-json\/wp\/v2\/posts\/6985","targetHints":{"allow":["GET"]}}],"collection":[{"href":"https:\/\/www.pedroandretta.info\/index\/wp-json\/wp\/v2\/posts"}],"about":[{"href":"https:\/\/www.pedroandretta.info\/index\/wp-json\/wp\/v2\/types\/post"}],"author":[{"embeddable":true,"href":"https:\/\/www.pedroandretta.info\/index\/wp-json\/wp\/v2\/users\/1"}],"replies":[{"embeddable":true,"href":"https:\/\/www.pedroandretta.info\/index\/wp-json\/wp\/v2\/comments?post=6985"}],"version-history":[{"count":0,"href":"https:\/\/www.pedroandretta.info\/index\/wp-json\/wp\/v2\/posts\/6985\/revisions"}],"wp:attachment":[{"href":"https:\/\/www.pedroandretta.info\/index\/wp-json\/wp\/v2\/media?parent=6985"}],"wp:term":[{"taxonomy":"category","embeddable":true,"href":"https:\/\/www.pedroandretta.info\/index\/wp-json\/wp\/v2\/categories?post=6985"},{"taxonomy":"post_tag","embeddable":true,"href":"https:\/\/www.pedroandretta.info\/index\/wp-json\/wp\/v2\/tags?post=6985"}],"curies":[{"name":"wp","href":"https:\/\/api.w.org\/{rel}","templated":true}]}}