{"id":6990,"date":"2020-08-26T16:35:06","date_gmt":"2020-08-26T20:35:06","guid":{"rendered":"https:\/\/www.pedroandretta.info\/index\/?p=6990"},"modified":"2020-08-26T16:35:06","modified_gmt":"2020-08-26T20:35:06","slug":"museu-do-diamante-lanca-mostra-virtual-sobre-garimpeiros-em-celebracao-aos-30","status":"publish","type":"post","link":"https:\/\/www.pedroandretta.info\/index\/2020\/08\/museu-do-diamante-lanca-mostra-virtual-sobre-garimpeiros-em-celebracao-aos-30\/","title":{"rendered":"Museu do Diamante lan\u00e7a mostra virtual sobre garimpeiros | \u201cEm celebra\u00e7\u00e3o aos 30&#8230;"},"content":{"rendered":"<p>[ad_1]<\/p>\n<blockquote class=\"twitter-tweet\">\n<p lang=\"pt\" dir=\"ltr\">Museu do Diamante lan\u00e7a mostra virtual sobre garimpeiros | \u201cEm celebra\u00e7\u00e3o aos 300 anos de funda\u00e7\u00e3o de Minas Gerais, o <a target=\"_blank\" href=\"https:\/\/twitter.com\/hashtag\/Museu?src=hash&amp;ref_src=twsrc%5Etfw\" rel=\"noopener noreferrer\">#Museu<\/a> do Diamante\/Ibram lan\u00e7a a partir de hoje, a mostra virtual Mem\u00f3rias Garimpeiras no Distrito Diamantino\u201d <a target=\"_blank\" href=\"https:\/\/twitter.com\/hashtag\/Exposi%C3%A7%C3%A3oVirtual?src=hash&amp;ref_src=twsrc%5Etfw\" rel=\"noopener noreferrer\">#Exposi\u00e7\u00e3oVirtual<\/a> via Ibram <a target=\"_blank\" href=\"https:\/\/t.co\/UoQZkCmWWS\" rel=\"noopener noreferrer\">https:\/\/t.co\/UoQZkCmWWS<\/a><\/p>\n<p>&mdash; Pedro Andretta (@pedroisandretta) <a target=\"_blank\" href=\"https:\/\/twitter.com\/pedroisandretta\/status\/1298720649196650497?ref_src=twsrc%5Etfw\" rel=\"noopener noreferrer\">August 26, 2020<\/a><\/p><\/blockquote>\n<p><script async src=\"https:\/\/platform.twitter.com\/widgets.js\" charset=\"utf-8\"><\/script><\/p>\n<p>[ad_2]<br \/>\n<br \/><a href=\"https:\/\/twitter.com\/pedroisandretta\/statuses\/1298720649196650497\">Fonte<\/a> : Projeto <a href=\"https:\/\/www.pedroandretta.info\/informeci\">Informe-CI<\/a><\/p>\n","protected":false},"excerpt":{"rendered":"<p>[ad_1] Museu do Diamante lan\u00e7a mostra virtual sobre garimpeiros | \u201cEm celebra\u00e7\u00e3o aos 300 anos de funda\u00e7\u00e3o de Minas Gerais, o #Museu do Diamante\/Ibram lan\u00e7a a partir de hoje, a mostra virtual Mem\u00f3rias Garimpeiras no Distrito Diamantino\u201d #Exposi\u00e7\u00e3oVirtual via Ibram https:\/\/t.co\/UoQZkCmWWS &mdash; Pedro Andretta (@pedroisandretta) August 26, 2020 [ad_2] Fonte : Projeto Informe-CI<\/p>\n","protected":false},"author":1,"featured_media":0,"comment_status":"open","ping_status":"open","sticky":false,"template":"","format":"standard","meta":{"_jetpack_memberships_contains_paid_content":false,"footnotes":"","jetpack_publicize_message":"","jetpack_publicize_feature_enabled":true,"jetpack_social_post_already_shared":true,"jetpack_social_options":{"image_generator_settings":{"template":"highway","default_image_id":0,"font":"","enabled":false},"version":2}},"categories":[21],"tags":[680,34],"class_list":["post-6990","post","type-post","status-publish","format-standard","hentry","category-informeci","tag-exposicaovirtual","tag-museus"],"jetpack_publicize_connections":[],"jetpack_featured_media_url":"","views":"","jetpack_sharing_enabled":true,"_links":{"self":[{"href":"https:\/\/www.pedroandretta.info\/index\/wp-json\/wp\/v2\/posts\/6990","targetHints":{"allow":["GET"]}}],"collection":[{"href":"https:\/\/www.pedroandretta.info\/index\/wp-json\/wp\/v2\/posts"}],"about":[{"href":"https:\/\/www.pedroandretta.info\/index\/wp-json\/wp\/v2\/types\/post"}],"author":[{"embeddable":true,"href":"https:\/\/www.pedroandretta.info\/index\/wp-json\/wp\/v2\/users\/1"}],"replies":[{"embeddable":true,"href":"https:\/\/www.pedroandretta.info\/index\/wp-json\/wp\/v2\/comments?post=6990"}],"version-history":[{"count":0,"href":"https:\/\/www.pedroandretta.info\/index\/wp-json\/wp\/v2\/posts\/6990\/revisions"}],"wp:attachment":[{"href":"https:\/\/www.pedroandretta.info\/index\/wp-json\/wp\/v2\/media?parent=6990"}],"wp:term":[{"taxonomy":"category","embeddable":true,"href":"https:\/\/www.pedroandretta.info\/index\/wp-json\/wp\/v2\/categories?post=6990"},{"taxonomy":"post_tag","embeddable":true,"href":"https:\/\/www.pedroandretta.info\/index\/wp-json\/wp\/v2\/tags?post=6990"}],"curies":[{"name":"wp","href":"https:\/\/api.w.org\/{rel}","templated":true}]}}