{"id":7201,"date":"2020-09-11T18:32:01","date_gmt":"2020-09-11T22:32:01","guid":{"rendered":"https:\/\/www.pedroandretta.info\/index\/?p=7201"},"modified":"2020-09-11T18:32:01","modified_gmt":"2020-09-11T22:32:01","slug":"classe-c-e-leitora-e-compradora-de-livros-diz-coordenadora-da-pesquisa-retra","status":"publish","type":"post","link":"https:\/\/www.pedroandretta.info\/index\/2020\/09\/classe-c-e-leitora-e-compradora-de-livros-diz-coordenadora-da-pesquisa-retra\/","title":{"rendered":"&#8220;Classe C \u00e9 leitora e compradora de livros&#8221;, diz coordenadora da Pesquisa #Retra&#8230;"},"content":{"rendered":"<p>[ad_1]<br \/>\n<img data-recalc-dims=\"1\" decoding=\"async\" src=\"https:\/\/i0.wp.com\/www.pedroandretta.info\/index\/wp-content\/uploads\/2020\/09\/Classe-C-e-leitora-e-compradora-de-livros-diz-coordenadora.png?w=696&#038;ssl=1\"\/><\/p>\n<blockquote class=\"twitter-tweet\">\n<p lang=\"pt\" dir=\"ltr\">&quot;Classe C \u00e9 leitora e compradora de livros&quot;, diz coordenadora da Pesquisa <a target=\"_blank\" href=\"https:\/\/twitter.com\/hashtag\/RetratosdaLeitura?src=hash&amp;ref_src=twsrc%5Etfw\" rel=\"noopener noreferrer\">#RetratosdaLeitura<\/a> | Nem mais, nem menos interventora&#8230; Bibliotecas seguem est\u00e1vel nos indicadores de acesso aos livros \u00e0 popula\u00e7\u00e3o, entre 2015 e 2019.\u201d via PublishNews <a target=\"_blank\" href=\"https:\/\/t.co\/grB0EoutPP\" rel=\"noopener noreferrer\">https:\/\/t.co\/grB0EoutPP<\/a><\/p>\n<p>&mdash; Pedro Andretta (@pedroisandretta) <a target=\"_blank\" href=\"https:\/\/twitter.com\/pedroisandretta\/status\/1304548279313723395?ref_src=twsrc%5Etfw\" rel=\"noopener noreferrer\">September 11, 2020<\/a><\/p><\/blockquote>\n<p><script async src=\"https:\/\/platform.twitter.com\/widgets.js\" charset=\"utf-8\"><\/script><\/p>\n<p>[ad_2]<br \/>\n<br \/><a href=\"https:\/\/twitter.com\/pedroisandretta\/statuses\/1304548279313723395\">Fonte<\/a> : Projeto <a href=\"https:\/\/www.pedroandretta.info\/informeci\">Informe-CI<\/a><\/p>\n","protected":false},"excerpt":{"rendered":"<p>[ad_1] &quot;Classe C \u00e9 leitora e compradora de livros&quot;, diz coordenadora da Pesquisa #RetratosdaLeitura | Nem mais, nem menos interventora&#8230; Bibliotecas seguem est\u00e1vel nos indicadores de acesso aos livros \u00e0 popula\u00e7\u00e3o, entre 2015 e 2019.\u201d via PublishNews https:\/\/t.co\/grB0EoutPP &mdash; Pedro Andretta (@pedroisandretta) September 11, 2020 [ad_2] Fonte : Projeto Informe-CI<\/p>\n","protected":false},"author":1,"featured_media":7202,"comment_status":"open","ping_status":"open","sticky":false,"template":"","format":"standard","meta":{"_jetpack_memberships_contains_paid_content":false,"footnotes":"","jetpack_publicize_message":"","jetpack_publicize_feature_enabled":true,"jetpack_social_post_already_shared":true,"jetpack_social_options":{"image_generator_settings":{"template":"highway","default_image_id":0,"font":"","enabled":false},"version":2}},"categories":[21],"tags":[1348],"class_list":["post-7201","post","type-post","status-publish","format-standard","has-post-thumbnail","hentry","category-informeci","tag-retratosdaleitura"],"jetpack_publicize_connections":[],"jetpack_featured_media_url":"https:\/\/i0.wp.com\/www.pedroandretta.info\/index\/wp-content\/uploads\/2020\/09\/Classe-C-e-leitora-e-compradora-de-livros-diz-coordenadora.png?fit=900%2C506&ssl=1","views":"","jetpack_sharing_enabled":true,"_links":{"self":[{"href":"https:\/\/www.pedroandretta.info\/index\/wp-json\/wp\/v2\/posts\/7201","targetHints":{"allow":["GET"]}}],"collection":[{"href":"https:\/\/www.pedroandretta.info\/index\/wp-json\/wp\/v2\/posts"}],"about":[{"href":"https:\/\/www.pedroandretta.info\/index\/wp-json\/wp\/v2\/types\/post"}],"author":[{"embeddable":true,"href":"https:\/\/www.pedroandretta.info\/index\/wp-json\/wp\/v2\/users\/1"}],"replies":[{"embeddable":true,"href":"https:\/\/www.pedroandretta.info\/index\/wp-json\/wp\/v2\/comments?post=7201"}],"version-history":[{"count":0,"href":"https:\/\/www.pedroandretta.info\/index\/wp-json\/wp\/v2\/posts\/7201\/revisions"}],"wp:featuredmedia":[{"embeddable":true,"href":"https:\/\/www.pedroandretta.info\/index\/wp-json\/wp\/v2\/media\/7202"}],"wp:attachment":[{"href":"https:\/\/www.pedroandretta.info\/index\/wp-json\/wp\/v2\/media?parent=7201"}],"wp:term":[{"taxonomy":"category","embeddable":true,"href":"https:\/\/www.pedroandretta.info\/index\/wp-json\/wp\/v2\/categories?post=7201"},{"taxonomy":"post_tag","embeddable":true,"href":"https:\/\/www.pedroandretta.info\/index\/wp-json\/wp\/v2\/tags?post=7201"}],"curies":[{"name":"wp","href":"https:\/\/api.w.org\/{rel}","templated":true}]}}