{"id":7237,"date":"2020-09-14T19:12:51","date_gmt":"2020-09-14T23:12:51","guid":{"rendered":"https:\/\/www.pedroandretta.info\/index\/?p=7237"},"modified":"2020-09-14T19:12:51","modified_gmt":"2020-09-14T23:12:51","slug":"academia-brasileira-de-ciencias-lanca-documento-sobre-compartilhamento-de-dados","status":"publish","type":"post","link":"https:\/\/www.pedroandretta.info\/index\/2020\/09\/academia-brasileira-de-ciencias-lanca-documento-sobre-compartilhamento-de-dados\/","title":{"rendered":"Academia Brasileira de Ci\u00eancias lan\u00e7a documento sobre compartilhamento de dados &#8230;"},"content":{"rendered":"<p>[ad_1]<br \/>\n<img decoding=\"async\" src=\"https:\/\/www.unicamp.br\"\/><\/p>\n<blockquote class=\"twitter-tweet\">\n<p lang=\"pt\" dir=\"ltr\">Academia Brasileira de Ci\u00eancias lan\u00e7a documento sobre compartilhamento de dados cient\u00edficos no Brasil | Os  <a target=\"_blank\" href=\"https:\/\/twitter.com\/hashtag\/DadosDePesquisa?src=hash&amp;ref_src=twsrc%5Etfw\" rel=\"noopener noreferrer\">#DadosDePesquisa<\/a> abertos e a <a target=\"_blank\" href=\"https:\/\/twitter.com\/hashtag\/Ci%C3%AAnciaAberta?src=hash&amp;ref_src=twsrc%5Etfw\" rel=\"noopener noreferrer\">#Ci\u00eanciaAberta<\/a> foram declarados em setembro de 2017 como uma das prioridades dos pa\u00edses do G7 via Unicamp <a target=\"_blank\" href=\"https:\/\/t.co\/9CZsq9ufBf\" rel=\"noopener noreferrer\">https:\/\/t.co\/9CZsq9ufBf<\/a><\/p>\n<p>&mdash; Pedro Andretta (@pedroisandretta) <a target=\"_blank\" href=\"https:\/\/twitter.com\/pedroisandretta\/status\/1305645719341223936?ref_src=twsrc%5Etfw\" rel=\"noopener noreferrer\">September 14, 2020<\/a><\/p><\/blockquote>\n<p><script async src=\"https:\/\/platform.twitter.com\/widgets.js\" charset=\"utf-8\"><\/script><\/p>\n<p>[ad_2]<br \/>\n<br \/><a href=\"https:\/\/twitter.com\/pedroisandretta\/statuses\/1305645719341223936\">Fonte<\/a> : Projeto <a href=\"https:\/\/www.pedroandretta.info\/informeci\">Informe-CI<\/a><\/p>\n","protected":false},"excerpt":{"rendered":"<p>[ad_1] Academia Brasileira de Ci\u00eancias lan\u00e7a documento sobre compartilhamento de dados cient\u00edficos no Brasil | Os #DadosDePesquisa abertos e a #Ci\u00eanciaAberta foram declarados em setembro de 2017 como uma das prioridades dos pa\u00edses do G7 via Unicamp https:\/\/t.co\/9CZsq9ufBf &mdash; Pedro Andretta (@pedroisandretta) September 14, 2020 [ad_2] Fonte : Projeto Informe-CI<\/p>\n","protected":false},"author":1,"featured_media":0,"comment_status":"open","ping_status":"open","sticky":false,"template":"","format":"standard","meta":{"_jetpack_memberships_contains_paid_content":false,"footnotes":"","jetpack_publicize_message":"","jetpack_publicize_feature_enabled":true,"jetpack_social_post_already_shared":true,"jetpack_social_options":{"image_generator_settings":{"template":"highway","default_image_id":0,"font":"","enabled":false},"version":2}},"categories":[21],"tags":[198,209],"class_list":["post-7237","post","type-post","status-publish","format-standard","hentry","category-informeci","tag-cienciaaberta","tag-dadosdepesquisa"],"jetpack_publicize_connections":[],"jetpack_featured_media_url":"","views":"","jetpack_sharing_enabled":true,"_links":{"self":[{"href":"https:\/\/www.pedroandretta.info\/index\/wp-json\/wp\/v2\/posts\/7237","targetHints":{"allow":["GET"]}}],"collection":[{"href":"https:\/\/www.pedroandretta.info\/index\/wp-json\/wp\/v2\/posts"}],"about":[{"href":"https:\/\/www.pedroandretta.info\/index\/wp-json\/wp\/v2\/types\/post"}],"author":[{"embeddable":true,"href":"https:\/\/www.pedroandretta.info\/index\/wp-json\/wp\/v2\/users\/1"}],"replies":[{"embeddable":true,"href":"https:\/\/www.pedroandretta.info\/index\/wp-json\/wp\/v2\/comments?post=7237"}],"version-history":[{"count":0,"href":"https:\/\/www.pedroandretta.info\/index\/wp-json\/wp\/v2\/posts\/7237\/revisions"}],"wp:attachment":[{"href":"https:\/\/www.pedroandretta.info\/index\/wp-json\/wp\/v2\/media?parent=7237"}],"wp:term":[{"taxonomy":"category","embeddable":true,"href":"https:\/\/www.pedroandretta.info\/index\/wp-json\/wp\/v2\/categories?post=7237"},{"taxonomy":"post_tag","embeddable":true,"href":"https:\/\/www.pedroandretta.info\/index\/wp-json\/wp\/v2\/tags?post=7237"}],"curies":[{"name":"wp","href":"https:\/\/api.w.org\/{rel}","templated":true}]}}