{"id":7238,"date":"2020-09-14T19:56:30","date_gmt":"2020-09-14T23:56:30","guid":{"rendered":"https:\/\/www.pedroandretta.info\/index\/?p=7238"},"modified":"2020-09-14T19:56:30","modified_gmt":"2020-09-14T23:56:30","slug":"uma-biblioteca-popular-modelo-vale-ver-essa-satira-publicada-no-jornal-frances","status":"publish","type":"post","link":"https:\/\/www.pedroandretta.info\/index\/2020\/09\/uma-biblioteca-popular-modelo-vale-ver-essa-satira-publicada-no-jornal-frances\/","title":{"rendered":"Uma Biblioteca Popular Modelo | Vale ver essa s\u00e1tira publicada no jornal franc\u00eas&#8230;"},"content":{"rendered":"<p>[ad_1]<\/p>\n<blockquote class=\"twitter-tweet\">\n<p lang=\"pt\" dir=\"ltr\">Uma Biblioteca Popular Modelo | Vale ver essa s\u00e1tira publicada no jornal franc\u00eas Le Charivari em 1867. Pol\u00edticos e religiosos escolhendo as obras destinadas a formar as mentes e os cora\u00e7\u00f5es dos habitantes da vila. <a target=\"_blank\" href=\"https:\/\/twitter.com\/hashtag\/Forma%C3%A7%C3%A3oDeCole%C3%A7%C3%B5es?src=hash&amp;ref_src=twsrc%5Etfw\" rel=\"noopener noreferrer\">#Forma\u00e7\u00e3oDeCole\u00e7\u00f5es<\/a> <a target=\"_blank\" href=\"https:\/\/twitter.com\/hashtag\/Censura?src=hash&amp;ref_src=twsrc%5Etfw\" rel=\"noopener noreferrer\">#Censura<\/a> via BiblioWeb <a target=\"_blank\" href=\"https:\/\/t.co\/7ggARzAVHI\" rel=\"noopener noreferrer\">https:\/\/t.co\/7ggARzAVHI<\/a><\/p>\n<p>&mdash; Pedro Andretta (@pedroisandretta) <a target=\"_blank\" href=\"https:\/\/twitter.com\/pedroisandretta\/status\/1305656701396418561?ref_src=twsrc%5Etfw\" rel=\"noopener noreferrer\">September 14, 2020<\/a><\/p><\/blockquote>\n<p><script async src=\"https:\/\/platform.twitter.com\/widgets.js\" charset=\"utf-8\"><\/script><\/p>\n<p>[ad_2]<br \/>\n<br \/><a href=\"https:\/\/twitter.com\/pedroisandretta\/statuses\/1305656701396418561\">Fonte<\/a> : Projeto <a href=\"https:\/\/www.pedroandretta.info\/informeci\">Informe-CI<\/a><\/p>\n","protected":false},"excerpt":{"rendered":"<p>[ad_1] Uma Biblioteca Popular Modelo | Vale ver essa s\u00e1tira publicada no jornal franc\u00eas Le Charivari em 1867. Pol\u00edticos e religiosos escolhendo as obras destinadas a formar as mentes e os cora\u00e7\u00f5es dos habitantes da vila. #Forma\u00e7\u00e3oDeCole\u00e7\u00f5es #Censura via BiblioWeb https:\/\/t.co\/7ggARzAVHI &mdash; Pedro Andretta (@pedroisandretta) September 14, 2020 [ad_2] Fonte : Projeto Informe-CI<\/p>\n","protected":false},"author":1,"featured_media":0,"comment_status":"open","ping_status":"open","sticky":false,"template":"","format":"standard","meta":{"_jetpack_memberships_contains_paid_content":false,"footnotes":"","jetpack_publicize_message":"","jetpack_publicize_feature_enabled":true,"jetpack_social_post_already_shared":true,"jetpack_social_options":{"image_generator_settings":{"template":"highway","default_image_id":0,"font":"","enabled":false},"version":2}},"categories":[21],"tags":[168,51],"class_list":["post-7238","post","type-post","status-publish","format-standard","hentry","category-informeci","tag-censura","tag-formacaodecolecoes"],"jetpack_publicize_connections":[],"jetpack_featured_media_url":"","views":"","jetpack_sharing_enabled":true,"_links":{"self":[{"href":"https:\/\/www.pedroandretta.info\/index\/wp-json\/wp\/v2\/posts\/7238","targetHints":{"allow":["GET"]}}],"collection":[{"href":"https:\/\/www.pedroandretta.info\/index\/wp-json\/wp\/v2\/posts"}],"about":[{"href":"https:\/\/www.pedroandretta.info\/index\/wp-json\/wp\/v2\/types\/post"}],"author":[{"embeddable":true,"href":"https:\/\/www.pedroandretta.info\/index\/wp-json\/wp\/v2\/users\/1"}],"replies":[{"embeddable":true,"href":"https:\/\/www.pedroandretta.info\/index\/wp-json\/wp\/v2\/comments?post=7238"}],"version-history":[{"count":0,"href":"https:\/\/www.pedroandretta.info\/index\/wp-json\/wp\/v2\/posts\/7238\/revisions"}],"wp:attachment":[{"href":"https:\/\/www.pedroandretta.info\/index\/wp-json\/wp\/v2\/media?parent=7238"}],"wp:term":[{"taxonomy":"category","embeddable":true,"href":"https:\/\/www.pedroandretta.info\/index\/wp-json\/wp\/v2\/categories?post=7238"},{"taxonomy":"post_tag","embeddable":true,"href":"https:\/\/www.pedroandretta.info\/index\/wp-json\/wp\/v2\/tags?post=7238"}],"curies":[{"name":"wp","href":"https:\/\/api.w.org\/{rel}","templated":true}]}}