{"id":7240,"date":"2020-09-14T23:32:06","date_gmt":"2020-09-15T03:32:06","guid":{"rendered":"https:\/\/www.pedroandretta.info\/index\/?p=7240"},"modified":"2020-09-14T23:32:06","modified_gmt":"2020-09-15T03:32:06","slug":"destruicao-de-arquivos-e-bibliotecas-na-historia-ai-meu-deus-sem-elas-bibl","status":"publish","type":"post","link":"https:\/\/www.pedroandretta.info\/index\/2020\/09\/destruicao-de-arquivos-e-bibliotecas-na-historia-ai-meu-deus-sem-elas-bibl\/","title":{"rendered":"Destrui\u00e7\u00e3o de arquivos e Bibliotecas na hist\u00f3ria | \u201cAi, meu Deus, sem elas (bibl&#8230;"},"content":{"rendered":"<p>[ad_1]<br \/>\n<img data-recalc-dims=\"1\" decoding=\"async\" src=\"https:\/\/i0.wp.com\/www.pedroandretta.info\/index\/wp-content\/uploads\/2020\/09\/Destruicao-de-arquivos-e-Bibliotecas-na-historia-%E2%80%9CAi-meu.jpg?w=696&#038;ssl=1\"\/><\/p>\n<blockquote class=\"twitter-tweet\">\n<p lang=\"pt\" dir=\"ltr\">Destrui\u00e7\u00e3o de arquivos e Bibliotecas na hist\u00f3ria | \u201cAi, meu Deus, sem elas (bibliotecas), o que temos? N\u00e3o temos passado e n\u00e3o temos futuro.\u201d (Ray Bradbury) <a target=\"_blank\" href=\"https:\/\/twitter.com\/hashtag\/Hist%C3%B3riaDasBibliotecas?src=hash&amp;ref_src=twsrc%5Etfw\" rel=\"noopener noreferrer\">#Hist\u00f3riaDasBibliotecas<\/a> \ud83c\uddea\ud83c\uddf8  via \u2066\u2066<a target=\"_blank\" href=\"https:\/\/twitter.com\/BiblogTecarios?ref_src=twsrc%5Etfw\" rel=\"noopener noreferrer\">@BiblogTecarios<\/a>\u2069  <a target=\"_blank\" href=\"https:\/\/t.co\/aDe1gQlxfv\" rel=\"noopener noreferrer\">https:\/\/t.co\/aDe1gQlxfv<\/a><\/p>\n<p>&mdash; Pedro Andretta (@pedroisandretta) <a target=\"_blank\" href=\"https:\/\/twitter.com\/pedroisandretta\/status\/1305710958443143168?ref_src=twsrc%5Etfw\" rel=\"noopener noreferrer\">September 15, 2020<\/a><\/p><\/blockquote>\n<p><script async src=\"https:\/\/platform.twitter.com\/widgets.js\" charset=\"utf-8\"><\/script><\/p>\n<p>[ad_2]<br \/>\n<br \/><a href=\"https:\/\/twitter.com\/pedroisandretta\/statuses\/1305710958443143168\">Fonte<\/a> : Projeto <a href=\"https:\/\/www.pedroandretta.info\/informeci\">Informe-CI<\/a><\/p>\n","protected":false},"excerpt":{"rendered":"<p>[ad_1] Destrui\u00e7\u00e3o de arquivos e Bibliotecas na hist\u00f3ria | \u201cAi, meu Deus, sem elas (bibliotecas), o que temos? N\u00e3o temos passado e n\u00e3o temos futuro.\u201d (Ray Bradbury) #Hist\u00f3riaDasBibliotecas \ud83c\uddea\ud83c\uddf8 via \u2066\u2066@BiblogTecarios\u2069 https:\/\/t.co\/aDe1gQlxfv &mdash; Pedro Andretta (@pedroisandretta) September 15, 2020 [ad_2] Fonte : Projeto Informe-CI<\/p>\n","protected":false},"author":1,"featured_media":7241,"comment_status":"open","ping_status":"open","sticky":false,"template":"","format":"standard","meta":{"_jetpack_memberships_contains_paid_content":false,"footnotes":"","jetpack_publicize_message":"","jetpack_publicize_feature_enabled":true,"jetpack_social_post_already_shared":true,"jetpack_social_options":{"image_generator_settings":{"template":"highway","default_image_id":0,"font":"","enabled":false},"version":2}},"categories":[21],"tags":[701],"class_list":["post-7240","post","type-post","status-publish","format-standard","has-post-thumbnail","hentry","category-informeci","tag-historiadasbibliotecas"],"jetpack_publicize_connections":[],"jetpack_featured_media_url":"https:\/\/i0.wp.com\/www.pedroandretta.info\/index\/wp-content\/uploads\/2020\/09\/Destruicao-de-arquivos-e-Bibliotecas-na-historia-%E2%80%9CAi-meu.jpg?fit=600%2C600&ssl=1","views":"","jetpack_sharing_enabled":true,"_links":{"self":[{"href":"https:\/\/www.pedroandretta.info\/index\/wp-json\/wp\/v2\/posts\/7240","targetHints":{"allow":["GET"]}}],"collection":[{"href":"https:\/\/www.pedroandretta.info\/index\/wp-json\/wp\/v2\/posts"}],"about":[{"href":"https:\/\/www.pedroandretta.info\/index\/wp-json\/wp\/v2\/types\/post"}],"author":[{"embeddable":true,"href":"https:\/\/www.pedroandretta.info\/index\/wp-json\/wp\/v2\/users\/1"}],"replies":[{"embeddable":true,"href":"https:\/\/www.pedroandretta.info\/index\/wp-json\/wp\/v2\/comments?post=7240"}],"version-history":[{"count":0,"href":"https:\/\/www.pedroandretta.info\/index\/wp-json\/wp\/v2\/posts\/7240\/revisions"}],"wp:featuredmedia":[{"embeddable":true,"href":"https:\/\/www.pedroandretta.info\/index\/wp-json\/wp\/v2\/media\/7241"}],"wp:attachment":[{"href":"https:\/\/www.pedroandretta.info\/index\/wp-json\/wp\/v2\/media?parent=7240"}],"wp:term":[{"taxonomy":"category","embeddable":true,"href":"https:\/\/www.pedroandretta.info\/index\/wp-json\/wp\/v2\/categories?post=7240"},{"taxonomy":"post_tag","embeddable":true,"href":"https:\/\/www.pedroandretta.info\/index\/wp-json\/wp\/v2\/tags?post=7240"}],"curies":[{"name":"wp","href":"https:\/\/api.w.org\/{rel}","templated":true}]}}