{"id":7247,"date":"2020-09-15T14:47:15","date_gmt":"2020-09-15T18:47:15","guid":{"rendered":"https:\/\/www.pedroandretta.info\/index\/?p=7247"},"modified":"2020-09-15T14:47:15","modified_gmt":"2020-09-15T18:47:15","slug":"voce-ja-acessou-a-deep-ou-a-dark-web-hoje-a-deepweb-esta-representada","status":"publish","type":"post","link":"https:\/\/www.pedroandretta.info\/index\/2020\/09\/voce-ja-acessou-a-deep-ou-a-dark-web-hoje-a-deepweb-esta-representada\/","title":{"rendered":"Voc\u00ea j\u00e1 acessou a Deep ou a Dark Web hoje? | \u201c[&#8230;] a #DeepWeb est\u00e1 representada&#8230;"},"content":{"rendered":"<p>[ad_1]<\/p>\n<blockquote class=\"twitter-tweet\">\n<p lang=\"pt\" dir=\"ltr\">Voc\u00ea j\u00e1 acessou a Deep ou a Dark Web hoje? | \u201c[&#8230;] a <a target=\"_blank\" href=\"https:\/\/twitter.com\/hashtag\/DeepWeb?src=hash&amp;ref_src=twsrc%5Etfw\" rel=\"noopener noreferrer\">#DeepWeb<\/a> est\u00e1 representada logo abaixo da superf\u00edcie, e a <a target=\"_blank\" href=\"https:\/\/twitter.com\/hashtag\/DarkWeb?src=hash&amp;ref_src=twsrc%5Etfw\" rel=\"noopener noreferrer\">#DarkWeb<\/a> seria a camada mais profunda do ciberespa\u00e7o; os conte\u00fados da Deep Web podem ser indexados, mas os da Dark Web ( n\u00e3o ) [&#8230;]\u201c via SciELO <a target=\"_blank\" href=\"https:\/\/t.co\/yF4ElIpQVl\" rel=\"noopener noreferrer\">https:\/\/t.co\/yF4ElIpQVl<\/a><\/p>\n<p>&mdash; Pedro Andretta (@pedroisandretta) <a target=\"_blank\" href=\"https:\/\/twitter.com\/pedroisandretta\/status\/1305941263900913664?ref_src=twsrc%5Etfw\" rel=\"noopener noreferrer\">September 15, 2020<\/a><\/p><\/blockquote>\n<p><script async src=\"https:\/\/platform.twitter.com\/widgets.js\" charset=\"utf-8\"><\/script><\/p>\n<p>[ad_2]<br \/>\n<br \/><a href=\"https:\/\/twitter.com\/pedroisandretta\/statuses\/1305941263900913664\">Fonte<\/a> : Projeto <a href=\"https:\/\/www.pedroandretta.info\/informeci\">Informe-CI<\/a><\/p>\n","protected":false},"excerpt":{"rendered":"<p>[ad_1] Voc\u00ea j\u00e1 acessou a Deep ou a Dark Web hoje? | \u201c[&#8230;] a #DeepWeb est\u00e1 representada logo abaixo da superf\u00edcie, e a #DarkWeb seria a camada mais profunda do ciberespa\u00e7o; os conte\u00fados da Deep Web podem ser indexados, mas os da Dark Web ( n\u00e3o ) [&#8230;]\u201c via SciELO https:\/\/t.co\/yF4ElIpQVl &mdash; Pedro Andretta (@pedroisandretta)<\/p><\/div>\n<div class=\"blog-btn\"><a href=\"https:\/\/www.pedroandretta.info\/index\/2020\/09\/voce-ja-acessou-a-deep-ou-a-dark-web-hoje-a-deepweb-esta-representada\/\" class=\"home-blog-btn\">Ler mais<\/a><\/p>\n","protected":false},"author":1,"featured_media":0,"comment_status":"open","ping_status":"open","sticky":false,"template":"","format":"standard","meta":{"_jetpack_memberships_contains_paid_content":false,"footnotes":"","jetpack_publicize_message":"","jetpack_publicize_feature_enabled":true,"jetpack_social_post_already_shared":true,"jetpack_social_options":{"image_generator_settings":{"template":"highway","default_image_id":0,"font":"","enabled":false},"version":2}},"categories":[21],"tags":[1366,1365],"class_list":["post-7247","post","type-post","status-publish","format-standard","hentry","category-informeci","tag-darkweb","tag-deepweb"],"jetpack_publicize_connections":[],"jetpack_featured_media_url":"","views":"","jetpack_sharing_enabled":true,"_links":{"self":[{"href":"https:\/\/www.pedroandretta.info\/index\/wp-json\/wp\/v2\/posts\/7247","targetHints":{"allow":["GET"]}}],"collection":[{"href":"https:\/\/www.pedroandretta.info\/index\/wp-json\/wp\/v2\/posts"}],"about":[{"href":"https:\/\/www.pedroandretta.info\/index\/wp-json\/wp\/v2\/types\/post"}],"author":[{"embeddable":true,"href":"https:\/\/www.pedroandretta.info\/index\/wp-json\/wp\/v2\/users\/1"}],"replies":[{"embeddable":true,"href":"https:\/\/www.pedroandretta.info\/index\/wp-json\/wp\/v2\/comments?post=7247"}],"version-history":[{"count":0,"href":"https:\/\/www.pedroandretta.info\/index\/wp-json\/wp\/v2\/posts\/7247\/revisions"}],"wp:attachment":[{"href":"https:\/\/www.pedroandretta.info\/index\/wp-json\/wp\/v2\/media?parent=7247"}],"wp:term":[{"taxonomy":"category","embeddable":true,"href":"https:\/\/www.pedroandretta.info\/index\/wp-json\/wp\/v2\/categories?post=7247"},{"taxonomy":"post_tag","embeddable":true,"href":"https:\/\/www.pedroandretta.info\/index\/wp-json\/wp\/v2\/tags?post=7247"}],"curies":[{"name":"wp","href":"https:\/\/api.w.org\/{rel}","templated":true}]}}