{"id":7249,"date":"2020-09-15T22:12:34","date_gmt":"2020-09-16T02:12:34","guid":{"rendered":"https:\/\/www.pedroandretta.info\/index\/?p=7249"},"modified":"2020-09-15T22:12:34","modified_gmt":"2020-09-16T02:12:34","slug":"pesquisa-mostra-que-uso-do-instagram-cresceu-durante-a-pandemia-e-e-31-maior-q","status":"publish","type":"post","link":"https:\/\/www.pedroandretta.info\/index\/2020\/09\/pesquisa-mostra-que-uso-do-instagram-cresceu-durante-a-pandemia-e-e-31-maior-q\/","title":{"rendered":"Pesquisa mostra que uso do #Instagram cresceu durante a pandemia e \u00e9 31% maior q&#8230;"},"content":{"rendered":"<p>[ad_1]<br \/>\n<img data-recalc-dims=\"1\" decoding=\"async\" src=\"https:\/\/i0.wp.com\/www.pedroandretta.info\/index\/wp-content\/uploads\/2020\/09\/Pesquisa-mostra-que-uso-do-Instagram-cresceu-durante-a-pandemia.jpg?w=696&#038;ssl=1\"\/><\/p>\n<blockquote class=\"twitter-tweet\">\n<p lang=\"pt\" dir=\"ltr\">Pesquisa mostra que uso do <a target=\"_blank\" href=\"https:\/\/twitter.com\/hashtag\/Instagram?src=hash&amp;ref_src=twsrc%5Etfw\" rel=\"noopener noreferrer\">#Instagram<\/a> cresceu durante a pandemia e \u00e9 31% maior que o <a target=\"_blank\" href=\"https:\/\/twitter.com\/hashtag\/Facebook?src=hash&amp;ref_src=twsrc%5Etfw\" rel=\"noopener noreferrer\">#Facebook<\/a> | Aten\u00e7\u00e3o as BAM: \u201cO Instagram est\u00e1 se tornando a plataforma de m\u00eddia social n\u00famero um quando se trata de engajamento de marcas\u201c diz Alexandra Avelar via B9 <a target=\"_blank\" href=\"https:\/\/t.co\/kslyT5wYMn\" rel=\"noopener noreferrer\">https:\/\/t.co\/kslyT5wYMn<\/a><\/p>\n<p>&mdash; Pedro Andretta (@pedroisandretta) <a target=\"_blank\" href=\"https:\/\/twitter.com\/pedroisandretta\/status\/1306053331958329344?ref_src=twsrc%5Etfw\" rel=\"noopener noreferrer\">September 16, 2020<\/a><\/p><\/blockquote>\n<p><script async src=\"https:\/\/platform.twitter.com\/widgets.js\" charset=\"utf-8\"><\/script><\/p>\n<p>[ad_2]<br \/>\n<br \/><a href=\"https:\/\/twitter.com\/pedroisandretta\/statuses\/1306053331958329344\">Fonte<\/a> : Projeto <a href=\"https:\/\/www.pedroandretta.info\/informeci\">Informe-CI<\/a><\/p>\n","protected":false},"excerpt":{"rendered":"<p>[ad_1] Pesquisa mostra que uso do #Instagram cresceu durante a pandemia e \u00e9 31% maior que o #Facebook | Aten\u00e7\u00e3o as BAM: \u201cO Instagram est\u00e1 se tornando a plataforma de m\u00eddia social n\u00famero um quando se trata de engajamento de marcas\u201c diz Alexandra Avelar via B9 https:\/\/t.co\/kslyT5wYMn &mdash; Pedro Andretta (@pedroisandretta) September 16, 2020 [ad_2]<\/p><\/div>\n<div class=\"blog-btn\"><a href=\"https:\/\/www.pedroandretta.info\/index\/2020\/09\/pesquisa-mostra-que-uso-do-instagram-cresceu-durante-a-pandemia-e-e-31-maior-q\/\" class=\"home-blog-btn\">Ler mais<\/a><\/p>\n","protected":false},"author":1,"featured_media":7250,"comment_status":"open","ping_status":"open","sticky":false,"template":"","format":"standard","meta":{"_jetpack_memberships_contains_paid_content":false,"footnotes":"","jetpack_publicize_message":"","jetpack_publicize_feature_enabled":true,"jetpack_social_post_already_shared":true,"jetpack_social_options":{"image_generator_settings":{"template":"highway","default_image_id":0,"font":"","enabled":false},"version":2}},"categories":[21],"tags":[261,428],"class_list":["post-7249","post","type-post","status-publish","format-standard","has-post-thumbnail","hentry","category-informeci","tag-facebook","tag-instagram"],"jetpack_publicize_connections":[],"jetpack_featured_media_url":"https:\/\/i0.wp.com\/www.pedroandretta.info\/index\/wp-content\/uploads\/2020\/09\/Pesquisa-mostra-que-uso-do-Instagram-cresceu-durante-a-pandemia.jpg?fit=1280%2C720&ssl=1","views":"","jetpack_sharing_enabled":true,"_links":{"self":[{"href":"https:\/\/www.pedroandretta.info\/index\/wp-json\/wp\/v2\/posts\/7249","targetHints":{"allow":["GET"]}}],"collection":[{"href":"https:\/\/www.pedroandretta.info\/index\/wp-json\/wp\/v2\/posts"}],"about":[{"href":"https:\/\/www.pedroandretta.info\/index\/wp-json\/wp\/v2\/types\/post"}],"author":[{"embeddable":true,"href":"https:\/\/www.pedroandretta.info\/index\/wp-json\/wp\/v2\/users\/1"}],"replies":[{"embeddable":true,"href":"https:\/\/www.pedroandretta.info\/index\/wp-json\/wp\/v2\/comments?post=7249"}],"version-history":[{"count":0,"href":"https:\/\/www.pedroandretta.info\/index\/wp-json\/wp\/v2\/posts\/7249\/revisions"}],"wp:featuredmedia":[{"embeddable":true,"href":"https:\/\/www.pedroandretta.info\/index\/wp-json\/wp\/v2\/media\/7250"}],"wp:attachment":[{"href":"https:\/\/www.pedroandretta.info\/index\/wp-json\/wp\/v2\/media?parent=7249"}],"wp:term":[{"taxonomy":"category","embeddable":true,"href":"https:\/\/www.pedroandretta.info\/index\/wp-json\/wp\/v2\/categories?post=7249"},{"taxonomy":"post_tag","embeddable":true,"href":"https:\/\/www.pedroandretta.info\/index\/wp-json\/wp\/v2\/tags?post=7249"}],"curies":[{"name":"wp","href":"https:\/\/api.w.org\/{rel}","templated":true}]}}