{"id":7260,"date":"2020-09-16T16:18:30","date_gmt":"2020-09-16T20:18:30","guid":{"rendered":"https:\/\/www.pedroandretta.info\/index\/?p=7260"},"modified":"2020-09-16T16:18:30","modified_gmt":"2020-09-16T20:18:30","slug":"mes-internacional-das-bibliotecas-escolares-outubro-2020-a-international-as","status":"publish","type":"post","link":"https:\/\/www.pedroandretta.info\/index\/2020\/09\/mes-internacional-das-bibliotecas-escolares-outubro-2020-a-international-as\/","title":{"rendered":"M\u00eas Internacional das Bibliotecas Escolares &#8211; Outubro 2020 | \u201cA International As&#8230;"},"content":{"rendered":"<p>[ad_1]<\/p>\n<blockquote class=\"twitter-tweet\">\n<p lang=\"pt\" dir=\"ltr\">M\u00eas Internacional das Bibliotecas Escolares &#8211; Outubro 2020 | \u201cA International Association of School Libraries lan\u00e7ou o tema do M\u00eas Internacional das <a target=\"_blank\" href=\"https:\/\/twitter.com\/hashtag\/BibliotecasEscolares?src=hash&amp;ref_src=twsrc%5Etfw\" rel=\"noopener noreferrer\">#BibliotecasEscolares<\/a> 2020: Descobrir caminhos para a sa\u00fade e o bem-estar com a biblioteca escolar\u201d via RBE <a target=\"_blank\" href=\"https:\/\/t.co\/FVutELICaz\" rel=\"noopener noreferrer\">https:\/\/t.co\/FVutELICaz<\/a><\/p>\n<p>&mdash; Pedro Andretta (@pedroisandretta) <a target=\"_blank\" href=\"https:\/\/twitter.com\/pedroisandretta\/status\/1306326617506152456?ref_src=twsrc%5Etfw\" rel=\"noopener noreferrer\">September 16, 2020<\/a><\/p><\/blockquote>\n<p><script async src=\"https:\/\/platform.twitter.com\/widgets.js\" charset=\"utf-8\"><\/script><\/p>\n<p>[ad_2]<br \/>\n<br \/><a href=\"https:\/\/twitter.com\/pedroisandretta\/statuses\/1306326617506152456\">Fonte<\/a> : Projeto <a href=\"https:\/\/www.pedroandretta.info\/informeci\">Informe-CI<\/a><\/p>\n","protected":false},"excerpt":{"rendered":"<p>[ad_1] M\u00eas Internacional das Bibliotecas Escolares &#8211; Outubro 2020 | \u201cA International Association of School Libraries lan\u00e7ou o tema do M\u00eas Internacional das #BibliotecasEscolares 2020: Descobrir caminhos para a sa\u00fade e o bem-estar com a biblioteca escolar\u201d via RBE https:\/\/t.co\/FVutELICaz &mdash; Pedro Andretta (@pedroisandretta) September 16, 2020 [ad_2] Fonte : Projeto Informe-CI<\/p>\n","protected":false},"author":1,"featured_media":0,"comment_status":"open","ping_status":"open","sticky":false,"template":"","format":"standard","meta":{"_jetpack_memberships_contains_paid_content":false,"footnotes":"","jetpack_publicize_message":"","jetpack_publicize_feature_enabled":true,"jetpack_social_post_already_shared":true,"jetpack_social_options":{"image_generator_settings":{"template":"highway","default_image_id":0,"font":"","enabled":false},"version":2}},"categories":[21],"tags":[79],"class_list":["post-7260","post","type-post","status-publish","format-standard","hentry","category-informeci","tag-bibliotecasescolares"],"jetpack_publicize_connections":[],"jetpack_featured_media_url":"","views":"","jetpack_sharing_enabled":true,"_links":{"self":[{"href":"https:\/\/www.pedroandretta.info\/index\/wp-json\/wp\/v2\/posts\/7260","targetHints":{"allow":["GET"]}}],"collection":[{"href":"https:\/\/www.pedroandretta.info\/index\/wp-json\/wp\/v2\/posts"}],"about":[{"href":"https:\/\/www.pedroandretta.info\/index\/wp-json\/wp\/v2\/types\/post"}],"author":[{"embeddable":true,"href":"https:\/\/www.pedroandretta.info\/index\/wp-json\/wp\/v2\/users\/1"}],"replies":[{"embeddable":true,"href":"https:\/\/www.pedroandretta.info\/index\/wp-json\/wp\/v2\/comments?post=7260"}],"version-history":[{"count":0,"href":"https:\/\/www.pedroandretta.info\/index\/wp-json\/wp\/v2\/posts\/7260\/revisions"}],"wp:attachment":[{"href":"https:\/\/www.pedroandretta.info\/index\/wp-json\/wp\/v2\/media?parent=7260"}],"wp:term":[{"taxonomy":"category","embeddable":true,"href":"https:\/\/www.pedroandretta.info\/index\/wp-json\/wp\/v2\/categories?post=7260"},{"taxonomy":"post_tag","embeddable":true,"href":"https:\/\/www.pedroandretta.info\/index\/wp-json\/wp\/v2\/tags?post=7260"}],"curies":[{"name":"wp","href":"https:\/\/api.w.org\/{rel}","templated":true}]}}