{"id":7262,"date":"2020-09-16T23:37:34","date_gmt":"2020-09-17T03:37:34","guid":{"rendered":"https:\/\/www.pedroandretta.info\/index\/?p=7262"},"modified":"2020-09-16T23:37:34","modified_gmt":"2020-09-17T03:37:34","slug":"em-114-edicoes-do-nobel-de-literatura-apenas-15-mulheres-foram-premiadas-saib","status":"publish","type":"post","link":"https:\/\/www.pedroandretta.info\/index\/2020\/09\/em-114-edicoes-do-nobel-de-literatura-apenas-15-mulheres-foram-premiadas-saib\/","title":{"rendered":"Em 114 edi\u00e7\u00f5es do Nobel de #Literatura, apenas 15 mulheres foram premiadas. Saib&#8230;"},"content":{"rendered":"<p>[ad_1]<\/p>\n<blockquote class=\"twitter-tweet\">\n<p lang=\"pt\" dir=\"ltr\">Em 114 edi\u00e7\u00f5es do Nobel de <a target=\"_blank\" href=\"https:\/\/twitter.com\/hashtag\/Literatura?src=hash&amp;ref_src=twsrc%5Etfw\" rel=\"noopener noreferrer\">#Literatura<\/a>, apenas 15 mulheres foram premiadas. Saiba quem s\u00e3o elas | \u201cPara os que desejam conhecer um pouco mais sobre essas <a target=\"_blank\" href=\"https:\/\/twitter.com\/hashtag\/escritoras?src=hash&amp;ref_src=twsrc%5Etfw\" rel=\"noopener noreferrer\">#escritoras<\/a> , a Bula elaborou um resumo sobre a vida e a obra de cada uma delas.\u201d via Bula <a target=\"_blank\" href=\"https:\/\/t.co\/g5XABwK6dg\" rel=\"noopener noreferrer\">https:\/\/t.co\/g5XABwK6dg<\/a><\/p>\n<p>&mdash; Pedro Andretta (@pedroisandretta) <a target=\"_blank\" href=\"https:\/\/twitter.com\/pedroisandretta\/status\/1306437111869050880?ref_src=twsrc%5Etfw\" rel=\"noopener noreferrer\">September 17, 2020<\/a><\/p><\/blockquote>\n<p><script async src=\"https:\/\/platform.twitter.com\/widgets.js\" charset=\"utf-8\"><\/script><\/p>\n<p>[ad_2]<br \/>\n<br \/><a href=\"https:\/\/twitter.com\/pedroisandretta\/statuses\/1306437111869050880\">Fonte<\/a> : Projeto <a href=\"https:\/\/www.pedroandretta.info\/informeci\">Informe-CI<\/a><\/p>\n","protected":false},"excerpt":{"rendered":"<p>[ad_1] Em 114 edi\u00e7\u00f5es do Nobel de #Literatura, apenas 15 mulheres foram premiadas. Saiba quem s\u00e3o elas | \u201cPara os que desejam conhecer um pouco mais sobre essas #escritoras , a Bula elaborou um resumo sobre a vida e a obra de cada uma delas.\u201d via Bula https:\/\/t.co\/g5XABwK6dg &mdash; Pedro Andretta (@pedroisandretta) September 17, 2020<\/p><\/div>\n<div class=\"blog-btn\"><a href=\"https:\/\/www.pedroandretta.info\/index\/2020\/09\/em-114-edicoes-do-nobel-de-literatura-apenas-15-mulheres-foram-premiadas-saib\/\" class=\"home-blog-btn\">Ler mais<\/a><\/p>\n","protected":false},"author":1,"featured_media":0,"comment_status":"open","ping_status":"open","sticky":false,"template":"","format":"standard","meta":{"_jetpack_memberships_contains_paid_content":false,"footnotes":"","jetpack_publicize_message":"","jetpack_publicize_feature_enabled":true,"jetpack_social_post_already_shared":true,"jetpack_social_options":{"image_generator_settings":{"template":"highway","default_image_id":0,"font":"","enabled":false},"version":2}},"categories":[21],"tags":[1318,150],"class_list":["post-7262","post","type-post","status-publish","format-standard","hentry","category-informeci","tag-escritoras","tag-literatura"],"jetpack_publicize_connections":[],"jetpack_featured_media_url":"","views":"","jetpack_sharing_enabled":true,"_links":{"self":[{"href":"https:\/\/www.pedroandretta.info\/index\/wp-json\/wp\/v2\/posts\/7262","targetHints":{"allow":["GET"]}}],"collection":[{"href":"https:\/\/www.pedroandretta.info\/index\/wp-json\/wp\/v2\/posts"}],"about":[{"href":"https:\/\/www.pedroandretta.info\/index\/wp-json\/wp\/v2\/types\/post"}],"author":[{"embeddable":true,"href":"https:\/\/www.pedroandretta.info\/index\/wp-json\/wp\/v2\/users\/1"}],"replies":[{"embeddable":true,"href":"https:\/\/www.pedroandretta.info\/index\/wp-json\/wp\/v2\/comments?post=7262"}],"version-history":[{"count":0,"href":"https:\/\/www.pedroandretta.info\/index\/wp-json\/wp\/v2\/posts\/7262\/revisions"}],"wp:attachment":[{"href":"https:\/\/www.pedroandretta.info\/index\/wp-json\/wp\/v2\/media?parent=7262"}],"wp:term":[{"taxonomy":"category","embeddable":true,"href":"https:\/\/www.pedroandretta.info\/index\/wp-json\/wp\/v2\/categories?post=7262"},{"taxonomy":"post_tag","embeddable":true,"href":"https:\/\/www.pedroandretta.info\/index\/wp-json\/wp\/v2\/tags?post=7262"}],"curies":[{"name":"wp","href":"https:\/\/api.w.org\/{rel}","templated":true}]}}