{"id":7266,"date":"2020-09-16T23:45:51","date_gmt":"2020-09-17T03:45:51","guid":{"rendered":"https:\/\/www.pedroandretta.info\/index\/?p=7266"},"modified":"2020-09-16T23:45:51","modified_gmt":"2020-09-17T03:45:51","slug":"programas-de-biblioteca-solidos-impulsionam-o-desenvolvimento-da-alfabetizacao","status":"publish","type":"post","link":"https:\/\/www.pedroandretta.info\/index\/2020\/09\/programas-de-biblioteca-solidos-impulsionam-o-desenvolvimento-da-alfabetizacao\/","title":{"rendered":"Programas de biblioteca s\u00f3lidos impulsionam o desenvolvimento da #alfabetiza\u00e7\u00e3o &#8230;"},"content":{"rendered":"<p>[ad_1]<br \/>\n<img data-recalc-dims=\"1\" decoding=\"async\" src=\"https:\/\/i0.wp.com\/www.pedroandretta.info\/index\/wp-content\/uploads\/2020\/09\/Programas-de-biblioteca-solidos-impulsionam-o-desenvolvimento-da-alfabetizacao.png?w=696&#038;ssl=1\"\/><\/p>\n<blockquote class=\"twitter-tweet\">\n<p lang=\"pt\" dir=\"ltr\">Programas de biblioteca s\u00f3lidos impulsionam o desenvolvimento da <a target=\"_blank\" href=\"https:\/\/twitter.com\/hashtag\/alfabetiza%C3%A7%C3%A3o?src=hash&amp;ref_src=twsrc%5Etfw\" rel=\"noopener noreferrer\">#alfabetiza\u00e7\u00e3o<\/a> digital| Pesquisa encomendada pela Associa\u00e7\u00e3o de <a target=\"_blank\" href=\"https:\/\/twitter.com\/hashtag\/Bibliotecas?src=hash&amp;ref_src=twsrc%5Etfw\" rel=\"noopener noreferrer\">#Bibliotecas<\/a> Escolares Austr\u00e1lia do Sul (SLASA) sobre os programas de biblioteca e habilidades cr\u00edticas via TIC, Educa\u00e7\u00e3o e Web <a target=\"_blank\" href=\"https:\/\/t.co\/lNNq03wbk0\" rel=\"noopener noreferrer\">https:\/\/t.co\/lNNq03wbk0<\/a><\/p>\n<p>&mdash; Pedro Andretta (@pedroisandretta) <a target=\"_blank\" href=\"https:\/\/twitter.com\/pedroisandretta\/status\/1306439194269671424?ref_src=twsrc%5Etfw\" rel=\"noopener noreferrer\">September 17, 2020<\/a><\/p><\/blockquote>\n<p><script async src=\"https:\/\/platform.twitter.com\/widgets.js\" charset=\"utf-8\"><\/script><\/p>\n<p>[ad_2]<br \/>\n<br \/><a href=\"https:\/\/twitter.com\/pedroisandretta\/statuses\/1306439194269671424\">Fonte<\/a> : Projeto <a href=\"https:\/\/www.pedroandretta.info\/informeci\">Informe-CI<\/a><\/p>\n","protected":false},"excerpt":{"rendered":"<p>[ad_1] Programas de biblioteca s\u00f3lidos impulsionam o desenvolvimento da #alfabetiza\u00e7\u00e3o digital| Pesquisa encomendada pela Associa\u00e7\u00e3o de #Bibliotecas Escolares Austr\u00e1lia do Sul (SLASA) sobre os programas de biblioteca e habilidades cr\u00edticas via TIC, Educa\u00e7\u00e3o e Web https:\/\/t.co\/lNNq03wbk0 &mdash; Pedro Andretta (@pedroisandretta) September 17, 2020 [ad_2] Fonte : Projeto Informe-CI<\/p>\n","protected":false},"author":1,"featured_media":7267,"comment_status":"open","ping_status":"open","sticky":false,"template":"","format":"standard","meta":{"_jetpack_memberships_contains_paid_content":false,"footnotes":"","jetpack_publicize_message":"","jetpack_publicize_feature_enabled":true,"jetpack_social_post_already_shared":true,"jetpack_social_options":{"image_generator_settings":{"template":"highway","default_image_id":0,"font":"","enabled":false},"version":2}},"categories":[21],"tags":[436,38],"class_list":["post-7266","post","type-post","status-publish","format-standard","has-post-thumbnail","hentry","category-informeci","tag-alfabetizacao","tag-bibliotecas"],"jetpack_publicize_connections":[],"jetpack_featured_media_url":"https:\/\/i0.wp.com\/www.pedroandretta.info\/index\/wp-content\/uploads\/2020\/09\/Programas-de-biblioteca-solidos-impulsionam-o-desenvolvimento-da-alfabetizacao.png?fit=617%2C879&ssl=1","views":"","jetpack_sharing_enabled":true,"_links":{"self":[{"href":"https:\/\/www.pedroandretta.info\/index\/wp-json\/wp\/v2\/posts\/7266","targetHints":{"allow":["GET"]}}],"collection":[{"href":"https:\/\/www.pedroandretta.info\/index\/wp-json\/wp\/v2\/posts"}],"about":[{"href":"https:\/\/www.pedroandretta.info\/index\/wp-json\/wp\/v2\/types\/post"}],"author":[{"embeddable":true,"href":"https:\/\/www.pedroandretta.info\/index\/wp-json\/wp\/v2\/users\/1"}],"replies":[{"embeddable":true,"href":"https:\/\/www.pedroandretta.info\/index\/wp-json\/wp\/v2\/comments?post=7266"}],"version-history":[{"count":0,"href":"https:\/\/www.pedroandretta.info\/index\/wp-json\/wp\/v2\/posts\/7266\/revisions"}],"wp:featuredmedia":[{"embeddable":true,"href":"https:\/\/www.pedroandretta.info\/index\/wp-json\/wp\/v2\/media\/7267"}],"wp:attachment":[{"href":"https:\/\/www.pedroandretta.info\/index\/wp-json\/wp\/v2\/media?parent=7266"}],"wp:term":[{"taxonomy":"category","embeddable":true,"href":"https:\/\/www.pedroandretta.info\/index\/wp-json\/wp\/v2\/categories?post=7266"},{"taxonomy":"post_tag","embeddable":true,"href":"https:\/\/www.pedroandretta.info\/index\/wp-json\/wp\/v2\/tags?post=7266"}],"curies":[{"name":"wp","href":"https:\/\/api.w.org\/{rel}","templated":true}]}}