{"id":7274,"date":"2020-09-18T01:02:41","date_gmt":"2020-09-18T05:02:41","guid":{"rendered":"https:\/\/www.pedroandretta.info\/index\/?p=7274"},"modified":"2020-09-18T01:02:41","modified_gmt":"2020-09-18T05:02:41","slug":"mediacao-cultural-em-bibliotecas-contribuicoes-conceituais-vale-ver-essa-te","status":"publish","type":"post","link":"https:\/\/www.pedroandretta.info\/index\/2020\/09\/mediacao-cultural-em-bibliotecas-contribuicoes-conceituais-vale-ver-essa-te\/","title":{"rendered":"Media\u00e7\u00e3o cultural em #bibliotecas : contribui\u00e7\u00f5es conceituais | Vale ver essa te&#8230;"},"content":{"rendered":"<p>[ad_1]<\/p>\n<blockquote class=\"twitter-tweet\">\n<p lang=\"pt\" dir=\"ltr\">Media\u00e7\u00e3o cultural em <a target=\"_blank\" href=\"https:\/\/twitter.com\/hashtag\/bibliotecas?src=hash&amp;ref_src=twsrc%5Etfw\" rel=\"noopener noreferrer\">#bibliotecas<\/a> : contribui\u00e7\u00f5es conceituais | Vale ver essa tese abordando as bibliotecas do Brasil e Fran\u00e7a. Aborda tamb\u00e9m conceitos como protagonismo cultural, negocia\u00e7\u00e3o cultural, anima\u00e7\u00e3o cultural e a\u00e7\u00e3o cultural. <a target=\"_blank\" href=\"https:\/\/twitter.com\/hashtag\/Media%C3%A7%C3%A3oCultural?src=hash&amp;ref_src=twsrc%5Etfw\" rel=\"noopener noreferrer\">#Media\u00e7\u00e3oCultural<\/a>  <a target=\"_blank\" href=\"https:\/\/t.co\/MBme9wkg2K\" rel=\"noopener noreferrer\">https:\/\/t.co\/MBme9wkg2K<\/a><\/p>\n<p>&mdash; Pedro Andretta (@pedroisandretta) <a target=\"_blank\" href=\"https:\/\/twitter.com\/pedroisandretta\/status\/1306820920267472900?ref_src=twsrc%5Etfw\" rel=\"noopener noreferrer\">September 18, 2020<\/a><\/p><\/blockquote>\n<p><script async src=\"https:\/\/platform.twitter.com\/widgets.js\" charset=\"utf-8\"><\/script><\/p>\n<p>[ad_2]<br \/>\n<br \/><a href=\"https:\/\/twitter.com\/pedroisandretta\/statuses\/1306820920267472900\">Fonte<\/a> : Projeto <a href=\"https:\/\/www.pedroandretta.info\/informeci\">Informe-CI<\/a><\/p>\n","protected":false},"excerpt":{"rendered":"<p>[ad_1] Media\u00e7\u00e3o cultural em #bibliotecas : contribui\u00e7\u00f5es conceituais | Vale ver essa tese abordando as bibliotecas do Brasil e Fran\u00e7a. Aborda tamb\u00e9m conceitos como protagonismo cultural, negocia\u00e7\u00e3o cultural, anima\u00e7\u00e3o cultural e a\u00e7\u00e3o cultural. #Media\u00e7\u00e3oCultural https:\/\/t.co\/MBme9wkg2K &mdash; Pedro Andretta (@pedroisandretta) September 18, 2020 [ad_2] Fonte : Projeto Informe-CI<\/p>\n","protected":false},"author":1,"featured_media":0,"comment_status":"open","ping_status":"open","sticky":false,"template":"","format":"standard","meta":{"_jetpack_newsletter_access":"","_jetpack_dont_email_post_to_subs":false,"_jetpack_newsletter_tier_id":0,"_jetpack_memberships_contains_paywalled_content":false,"_jetpack_feature_clip_id":0,"_jetpack_memberships_contains_paid_content":false,"footnotes":"","jetpack_publicize_message":"","jetpack_publicize_feature_enabled":true,"jetpack_social_post_already_shared":true,"jetpack_social_options":{"image_generator_settings":{"template":"highway","default_image_id":0,"font":"","enabled":false},"version":2},"jetpack_post_was_ever_published":false},"categories":[21],"tags":[38,954],"class_list":["post-7274","post","type-post","status-publish","format-standard","hentry","category-informeci","tag-bibliotecas","tag-mediacaocultural"],"jetpack_publicize_connections":[],"jetpack_featured_media_url":"","views":"","jetpack_sharing_enabled":true,"_links":{"self":[{"href":"https:\/\/www.pedroandretta.info\/index\/wp-json\/wp\/v2\/posts\/7274","targetHints":{"allow":["GET"]}}],"collection":[{"href":"https:\/\/www.pedroandretta.info\/index\/wp-json\/wp\/v2\/posts"}],"about":[{"href":"https:\/\/www.pedroandretta.info\/index\/wp-json\/wp\/v2\/types\/post"}],"author":[{"embeddable":true,"href":"https:\/\/www.pedroandretta.info\/index\/wp-json\/wp\/v2\/users\/1"}],"replies":[{"embeddable":true,"href":"https:\/\/www.pedroandretta.info\/index\/wp-json\/wp\/v2\/comments?post=7274"}],"version-history":[{"count":0,"href":"https:\/\/www.pedroandretta.info\/index\/wp-json\/wp\/v2\/posts\/7274\/revisions"}],"wp:attachment":[{"href":"https:\/\/www.pedroandretta.info\/index\/wp-json\/wp\/v2\/media?parent=7274"}],"wp:term":[{"taxonomy":"category","embeddable":true,"href":"https:\/\/www.pedroandretta.info\/index\/wp-json\/wp\/v2\/categories?post=7274"},{"taxonomy":"post_tag","embeddable":true,"href":"https:\/\/www.pedroandretta.info\/index\/wp-json\/wp\/v2\/tags?post=7274"}],"curies":[{"name":"wp","href":"https:\/\/api.w.org\/{rel}","templated":true}]}}