{"id":7297,"date":"2020-09-19T15:20:19","date_gmt":"2020-09-19T19:20:19","guid":{"rendered":"https:\/\/www.pedroandretta.info\/index\/?p=7297"},"modified":"2020-09-19T15:20:19","modified_gmt":"2020-09-19T19:20:19","slug":"material-informativo-ajuda-mulheres-indigenas-a-denunciarem-violencia-domestica","status":"publish","type":"post","link":"https:\/\/www.pedroandretta.info\/index\/2020\/09\/material-informativo-ajuda-mulheres-indigenas-a-denunciarem-violencia-domestica\/","title":{"rendered":"Material informativo ajuda mulheres ind\u00edgenas a denunciarem #viol\u00eancia dom\u00e9stica&#8230;"},"content":{"rendered":"<p>[ad_1]<br \/>\n<img data-recalc-dims=\"1\" decoding=\"async\" src=\"https:\/\/i0.wp.com\/www.pedroandretta.info\/index\/wp-content\/uploads\/2020\/09\/Material-informativo-ajuda-mulheres-indigenas-a-denunciarem-violencia-domestica.jpg?w=696&#038;ssl=1\"\/><\/p>\n<blockquote class=\"twitter-tweet\">\n<p lang=\"pt\" dir=\"ltr\">Material informativo ajuda mulheres ind\u00edgenas a denunciarem <a target=\"_blank\" href=\"https:\/\/twitter.com\/hashtag\/viol%C3%AAncia?src=hash&amp;ref_src=twsrc%5Etfw\" rel=\"noopener noreferrer\">#viol\u00eancia<\/a> dom\u00e9stica | \u201cA produ\u00e7\u00e3o da cartilha foi motivada pelo aumento do n\u00famero de den\u00fancias no per\u00edodo de isolamento em fun\u00e7\u00e3o da pandemia do novo coronav\u00edrus.\u201d <a target=\"_blank\" href=\"https:\/\/twitter.com\/hashtag\/mulheres?src=hash&amp;ref_src=twsrc%5Etfw\" rel=\"noopener noreferrer\">#mulheres<\/a> via Jornal da USP <a target=\"_blank\" href=\"https:\/\/t.co\/6in2ERGsmx\" rel=\"noopener noreferrer\">https:\/\/t.co\/6in2ERGsmx<\/a><\/p>\n<p>&mdash; Pedro Andretta (@pedroisandretta) <a target=\"_blank\" href=\"https:\/\/twitter.com\/pedroisandretta\/status\/1307399137059581952?ref_src=twsrc%5Etfw\" rel=\"noopener noreferrer\">September 19, 2020<\/a><\/p><\/blockquote>\n<p><script async src=\"https:\/\/platform.twitter.com\/widgets.js\" charset=\"utf-8\"><\/script><\/p>\n<p>[ad_2]<br \/>\n<br \/><a href=\"https:\/\/twitter.com\/pedroisandretta\/statuses\/1307399137059581952\">Fonte<\/a> : Projeto <a href=\"https:\/\/www.pedroandretta.info\/informeci\">Informe-CI<\/a><\/p>\n","protected":false},"excerpt":{"rendered":"<p>[ad_1] Material informativo ajuda mulheres ind\u00edgenas a denunciarem #viol\u00eancia dom\u00e9stica | \u201cA produ\u00e7\u00e3o da cartilha foi motivada pelo aumento do n\u00famero de den\u00fancias no per\u00edodo de isolamento em fun\u00e7\u00e3o da pandemia do novo coronav\u00edrus.\u201d #mulheres via Jornal da USP https:\/\/t.co\/6in2ERGsmx &mdash; Pedro Andretta (@pedroisandretta) September 19, 2020 [ad_2] Fonte : Projeto Informe-CI<\/p>\n","protected":false},"author":1,"featured_media":7298,"comment_status":"open","ping_status":"open","sticky":false,"template":"","format":"standard","meta":{"_jetpack_memberships_contains_paid_content":false,"footnotes":"","jetpack_publicize_message":"","jetpack_publicize_feature_enabled":true,"jetpack_social_post_already_shared":true,"jetpack_social_options":{"image_generator_settings":{"template":"highway","default_image_id":0,"font":"","enabled":false},"version":2}},"categories":[21],"tags":[92,1202],"class_list":["post-7297","post","type-post","status-publish","format-standard","has-post-thumbnail","hentry","category-informeci","tag-mulheres","tag-violencia"],"jetpack_publicize_connections":[],"jetpack_featured_media_url":"https:\/\/i0.wp.com\/www.pedroandretta.info\/index\/wp-content\/uploads\/2020\/09\/Material-informativo-ajuda-mulheres-indigenas-a-denunciarem-violencia-domestica.jpg?fit=800%2C420&ssl=1","views":"","jetpack_sharing_enabled":true,"_links":{"self":[{"href":"https:\/\/www.pedroandretta.info\/index\/wp-json\/wp\/v2\/posts\/7297","targetHints":{"allow":["GET"]}}],"collection":[{"href":"https:\/\/www.pedroandretta.info\/index\/wp-json\/wp\/v2\/posts"}],"about":[{"href":"https:\/\/www.pedroandretta.info\/index\/wp-json\/wp\/v2\/types\/post"}],"author":[{"embeddable":true,"href":"https:\/\/www.pedroandretta.info\/index\/wp-json\/wp\/v2\/users\/1"}],"replies":[{"embeddable":true,"href":"https:\/\/www.pedroandretta.info\/index\/wp-json\/wp\/v2\/comments?post=7297"}],"version-history":[{"count":0,"href":"https:\/\/www.pedroandretta.info\/index\/wp-json\/wp\/v2\/posts\/7297\/revisions"}],"wp:featuredmedia":[{"embeddable":true,"href":"https:\/\/www.pedroandretta.info\/index\/wp-json\/wp\/v2\/media\/7298"}],"wp:attachment":[{"href":"https:\/\/www.pedroandretta.info\/index\/wp-json\/wp\/v2\/media?parent=7297"}],"wp:term":[{"taxonomy":"category","embeddable":true,"href":"https:\/\/www.pedroandretta.info\/index\/wp-json\/wp\/v2\/categories?post=7297"},{"taxonomy":"post_tag","embeddable":true,"href":"https:\/\/www.pedroandretta.info\/index\/wp-json\/wp\/v2\/tags?post=7297"}],"curies":[{"name":"wp","href":"https:\/\/api.w.org\/{rel}","templated":true}]}}