{"id":7301,"date":"2020-09-20T20:29:07","date_gmt":"2020-09-21T00:29:07","guid":{"rendered":"https:\/\/www.pedroandretta.info\/index\/?p=7301"},"modified":"2020-09-20T20:29:07","modified_gmt":"2020-09-21T00:29:07","slug":"no-tempo-em-que-assistiamos-televisao-no-meio-da-praca-que-a-televisao-perma","status":"publish","type":"post","link":"https:\/\/www.pedroandretta.info\/index\/2020\/09\/no-tempo-em-que-assistiamos-televisao-no-meio-da-praca-que-a-televisao-perma\/","title":{"rendered":"No tempo em que assist\u00edamos #televis\u00e3o no meio da pra\u00e7a | \u201cQue a televis\u00e3o perma&#8230;"},"content":{"rendered":"<p>[ad_1]<\/p>\n<blockquote class=\"twitter-tweet\">\n<p lang=\"pt\" dir=\"ltr\">No tempo em que assist\u00edamos <a target=\"_blank\" href=\"https:\/\/twitter.com\/hashtag\/televis%C3%A3o?src=hash&amp;ref_src=twsrc%5Etfw\" rel=\"noopener noreferrer\">#televis\u00e3o<\/a> no meio da pra\u00e7a | \u201cQue a televis\u00e3o permane\u00e7a por muitos e muitos anos, mas que o seu atual modelo antidemocr\u00e1tico, antimediador e instransitivo tenha seus dias contados\u201d via Biblioo <a target=\"_blank\" href=\"https:\/\/t.co\/8geAI0spAl\" rel=\"noopener noreferrer\">https:\/\/t.co\/8geAI0spAl<\/a><\/p>\n<p>&mdash; Pedro Andretta (@pedroisandretta) <a target=\"_blank\" href=\"https:\/\/twitter.com\/pedroisandretta\/status\/1307839239321726977?ref_src=twsrc%5Etfw\" rel=\"noopener noreferrer\">September 21, 2020<\/a><\/p><\/blockquote>\n<p><script async src=\"https:\/\/platform.twitter.com\/widgets.js\" charset=\"utf-8\"><\/script><\/p>\n<p>[ad_2]<br \/>\n<br \/><a href=\"https:\/\/twitter.com\/pedroisandretta\/statuses\/1307839239321726977\">Fonte<\/a> : Projeto <a href=\"https:\/\/www.pedroandretta.info\/informeci\">Informe-CI<\/a><\/p>\n","protected":false},"excerpt":{"rendered":"<p>[ad_1] No tempo em que assist\u00edamos #televis\u00e3o no meio da pra\u00e7a | \u201cQue a televis\u00e3o permane\u00e7a por muitos e muitos anos, mas que o seu atual modelo antidemocr\u00e1tico, antimediador e instransitivo tenha seus dias contados\u201d via Biblioo https:\/\/t.co\/8geAI0spAl &mdash; Pedro Andretta (@pedroisandretta) September 21, 2020 [ad_2] Fonte : Projeto Informe-CI<\/p>\n","protected":false},"author":1,"featured_media":0,"comment_status":"open","ping_status":"open","sticky":false,"template":"","format":"standard","meta":{"_jetpack_memberships_contains_paid_content":false,"footnotes":"","jetpack_publicize_message":"","jetpack_publicize_feature_enabled":true,"jetpack_social_post_already_shared":true,"jetpack_social_options":{"image_generator_settings":{"template":"highway","default_image_id":0,"font":"","enabled":false},"version":2}},"categories":[21],"tags":[1378],"class_list":["post-7301","post","type-post","status-publish","format-standard","hentry","category-informeci","tag-televisao"],"jetpack_publicize_connections":[],"jetpack_featured_media_url":"","views":"","jetpack_sharing_enabled":true,"_links":{"self":[{"href":"https:\/\/www.pedroandretta.info\/index\/wp-json\/wp\/v2\/posts\/7301","targetHints":{"allow":["GET"]}}],"collection":[{"href":"https:\/\/www.pedroandretta.info\/index\/wp-json\/wp\/v2\/posts"}],"about":[{"href":"https:\/\/www.pedroandretta.info\/index\/wp-json\/wp\/v2\/types\/post"}],"author":[{"embeddable":true,"href":"https:\/\/www.pedroandretta.info\/index\/wp-json\/wp\/v2\/users\/1"}],"replies":[{"embeddable":true,"href":"https:\/\/www.pedroandretta.info\/index\/wp-json\/wp\/v2\/comments?post=7301"}],"version-history":[{"count":0,"href":"https:\/\/www.pedroandretta.info\/index\/wp-json\/wp\/v2\/posts\/7301\/revisions"}],"wp:attachment":[{"href":"https:\/\/www.pedroandretta.info\/index\/wp-json\/wp\/v2\/media?parent=7301"}],"wp:term":[{"taxonomy":"category","embeddable":true,"href":"https:\/\/www.pedroandretta.info\/index\/wp-json\/wp\/v2\/categories?post=7301"},{"taxonomy":"post_tag","embeddable":true,"href":"https:\/\/www.pedroandretta.info\/index\/wp-json\/wp\/v2\/tags?post=7301"}],"curies":[{"name":"wp","href":"https:\/\/api.w.org\/{rel}","templated":true}]}}