{"id":7302,"date":"2020-09-20T21:48:42","date_gmt":"2020-09-21T01:48:42","guid":{"rendered":"https:\/\/www.pedroandretta.info\/index\/?p=7302"},"modified":"2020-09-20T21:48:42","modified_gmt":"2020-09-21T01:48:42","slug":"relatorio-aponta-serio-risco-a-liberdade-academica-no-brasil-a-liberdade-acade","status":"publish","type":"post","link":"https:\/\/www.pedroandretta.info\/index\/2020\/09\/relatorio-aponta-serio-risco-a-liberdade-academica-no-brasil-a-liberdade-acade\/","title":{"rendered":"Relat\u00f3rio aponta s\u00e9rio risco \u00e0 liberdade acad\u00eamica no Brasil |\u201cA liberdade acad\u00ea&#8230;"},"content":{"rendered":"<p>[ad_1]<br \/>\n<img data-recalc-dims=\"1\" decoding=\"async\" src=\"https:\/\/i0.wp.com\/www.pedroandretta.info\/index\/wp-content\/uploads\/2020\/09\/Relatorio-aponta-serio-risco-a-liberdade-academica-no-Brasil-%E2%80%9CA.jpg?w=696&#038;ssl=1\"\/><\/p>\n<blockquote class=\"twitter-tweet\">\n<p lang=\"pt\" dir=\"ltr\">Relat\u00f3rio aponta s\u00e9rio risco \u00e0 liberdade acad\u00eamica no Brasil |\u201cA liberdade acad\u00eamica de pesquisar e ensinar, em um ambiente com autonomia did\u00e1tica e cient\u00edfica nas <a target=\"_blank\" href=\"https:\/\/twitter.com\/hashtag\/UniversidadesP%C3%BAblicas?src=hash&amp;ref_src=twsrc%5Etfw\" rel=\"noopener noreferrer\">#UniversidadesP\u00fablicas<\/a> , \u00e9 garantida pela Constitui\u00e7\u00e3o, mas est\u00e1 sob amea\u00e7a no Brasil\u201dvia DW <a target=\"_blank\" href=\"https:\/\/t.co\/L5kQ325F72\" rel=\"noopener noreferrer\">https:\/\/t.co\/L5kQ325F72<\/a><\/p>\n<p>&mdash; Pedro Andretta (@pedroisandretta) <a target=\"_blank\" href=\"https:\/\/twitter.com\/pedroisandretta\/status\/1307859266280345600?ref_src=twsrc%5Etfw\" rel=\"noopener noreferrer\">September 21, 2020<\/a><\/p><\/blockquote>\n<p><script async src=\"https:\/\/platform.twitter.com\/widgets.js\" charset=\"utf-8\"><\/script><\/p>\n<p>[ad_2]<br \/>\n<br \/><a href=\"https:\/\/twitter.com\/pedroisandretta\/statuses\/1307859266280345600\">Fonte<\/a> : Projeto <a href=\"https:\/\/www.pedroandretta.info\/informeci\">Informe-CI<\/a><\/p>\n","protected":false},"excerpt":{"rendered":"<p>[ad_1] Relat\u00f3rio aponta s\u00e9rio risco \u00e0 liberdade acad\u00eamica no Brasil |\u201cA liberdade acad\u00eamica de pesquisar e ensinar, em um ambiente com autonomia did\u00e1tica e cient\u00edfica nas #UniversidadesP\u00fablicas , \u00e9 garantida pela Constitui\u00e7\u00e3o, mas est\u00e1 sob amea\u00e7a no Brasil\u201dvia DW https:\/\/t.co\/L5kQ325F72 &mdash; Pedro Andretta (@pedroisandretta) September 21, 2020 [ad_2] Fonte : Projeto Informe-CI<\/p>\n","protected":false},"author":1,"featured_media":7303,"comment_status":"open","ping_status":"open","sticky":false,"template":"","format":"standard","meta":{"_jetpack_memberships_contains_paid_content":false,"footnotes":"","jetpack_publicize_message":"","jetpack_publicize_feature_enabled":true,"jetpack_social_post_already_shared":true,"jetpack_social_options":{"image_generator_settings":{"template":"highway","default_image_id":0,"font":"","enabled":false},"version":2}},"categories":[21],"tags":[819],"class_list":["post-7302","post","type-post","status-publish","format-standard","has-post-thumbnail","hentry","category-informeci","tag-universidadespublicas"],"jetpack_publicize_connections":[],"jetpack_featured_media_url":"https:\/\/i0.wp.com\/www.pedroandretta.info\/index\/wp-content\/uploads\/2020\/09\/Relatorio-aponta-serio-risco-a-liberdade-academica-no-Brasil-%E2%80%9CA.jpg?fit=700%2C394&ssl=1","views":"","jetpack_sharing_enabled":true,"_links":{"self":[{"href":"https:\/\/www.pedroandretta.info\/index\/wp-json\/wp\/v2\/posts\/7302","targetHints":{"allow":["GET"]}}],"collection":[{"href":"https:\/\/www.pedroandretta.info\/index\/wp-json\/wp\/v2\/posts"}],"about":[{"href":"https:\/\/www.pedroandretta.info\/index\/wp-json\/wp\/v2\/types\/post"}],"author":[{"embeddable":true,"href":"https:\/\/www.pedroandretta.info\/index\/wp-json\/wp\/v2\/users\/1"}],"replies":[{"embeddable":true,"href":"https:\/\/www.pedroandretta.info\/index\/wp-json\/wp\/v2\/comments?post=7302"}],"version-history":[{"count":0,"href":"https:\/\/www.pedroandretta.info\/index\/wp-json\/wp\/v2\/posts\/7302\/revisions"}],"wp:featuredmedia":[{"embeddable":true,"href":"https:\/\/www.pedroandretta.info\/index\/wp-json\/wp\/v2\/media\/7303"}],"wp:attachment":[{"href":"https:\/\/www.pedroandretta.info\/index\/wp-json\/wp\/v2\/media?parent=7302"}],"wp:term":[{"taxonomy":"category","embeddable":true,"href":"https:\/\/www.pedroandretta.info\/index\/wp-json\/wp\/v2\/categories?post=7302"},{"taxonomy":"post_tag","embeddable":true,"href":"https:\/\/www.pedroandretta.info\/index\/wp-json\/wp\/v2\/tags?post=7302"}],"curies":[{"name":"wp","href":"https:\/\/api.w.org\/{rel}","templated":true}]}}