{"id":7304,"date":"2020-09-20T20:50:57","date_gmt":"2020-09-21T00:50:57","guid":{"rendered":"https:\/\/www.pedroandretta.info\/index\/?p=7304"},"modified":"2020-09-20T20:50:57","modified_gmt":"2020-09-21T00:50:57","slug":"percecao-sobre-as-competencias-dos-profissionais-da-informacao-a-pri","status":"publish","type":"post","link":"https:\/\/www.pedroandretta.info\/index\/2020\/09\/percecao-sobre-as-competencias-dos-profissionais-da-informacao-a-pri\/","title":{"rendered":"Perce\u00e7\u00e3o sobre as #Compet\u00eancias [&#8230;] dos Profissionais da Informa\u00e7\u00e3o&#8230;| \u201cA pri&#8230;"},"content":{"rendered":"<p>[ad_1]<\/p>\n<blockquote class=\"twitter-tweet\">\n<p lang=\"pt\" dir=\"ltr\">Perce\u00e7\u00e3o sobre as <a target=\"_blank\" href=\"https:\/\/twitter.com\/hashtag\/Compet%C3%AAncias?src=hash&amp;ref_src=twsrc%5Etfw\" rel=\"noopener noreferrer\">#Compet\u00eancias<\/a> [&#8230;] dos Profissionais da Informa\u00e7\u00e3o&#8230;| \u201cA primeira ocorr\u00eancia do termo <a target=\"_blank\" href=\"https:\/\/twitter.com\/hashtag\/ProfissionalDaInforma%C3%A7%C3%A3o?src=hash&amp;ref_src=twsrc%5Etfw\" rel=\"noopener noreferrer\">#ProfissionalDaInforma\u00e7\u00e3o<\/a> [&#8230;] foi num artigo [&#8230;], de 1964, intitulado \u201cStructuring the Engineering organization to solve the information problem\u201d <a target=\"_blank\" href=\"https:\/\/t.co\/pYLrdiLdFO\" rel=\"noopener noreferrer\">https:\/\/t.co\/pYLrdiLdFO<\/a> <a target=\"_blank\" href=\"https:\/\/t.co\/KqHxTIJ4Hh\" rel=\"noopener noreferrer\">pic.twitter.com\/KqHxTIJ4Hh<\/a><\/p>\n<p>&mdash; Pedro Andretta (@pedroisandretta) <a target=\"_blank\" href=\"https:\/\/twitter.com\/pedroisandretta\/status\/1307844734145179648?ref_src=twsrc%5Etfw\" rel=\"noopener noreferrer\">September 21, 2020<\/a><\/p><\/blockquote>\n<p><script async src=\"https:\/\/platform.twitter.com\/widgets.js\" charset=\"utf-8\"><\/script><\/p>\n<p>[ad_2]<br \/>\n<br \/><a href=\"https:\/\/twitter.com\/pedroisandretta\/statuses\/1307844734145179648\">Fonte<\/a> : Projeto <a href=\"https:\/\/www.pedroandretta.info\/informeci\">Informe-CI<\/a><\/p>\n","protected":false},"excerpt":{"rendered":"<p>[ad_1] Perce\u00e7\u00e3o sobre as #Compet\u00eancias [&#8230;] dos Profissionais da Informa\u00e7\u00e3o&#8230;| \u201cA primeira ocorr\u00eancia do termo #ProfissionalDaInforma\u00e7\u00e3o [&#8230;] foi num artigo [&#8230;], de 1964, intitulado \u201cStructuring the Engineering organization to solve the information problem\u201d https:\/\/t.co\/pYLrdiLdFO pic.twitter.com\/KqHxTIJ4Hh &mdash; Pedro Andretta (@pedroisandretta) September 21, 2020 [ad_2] Fonte : Projeto Informe-CI<\/p>\n","protected":false},"author":1,"featured_media":7305,"comment_status":"open","ping_status":"open","sticky":false,"template":"","format":"standard","meta":{"_jetpack_memberships_contains_paid_content":false,"footnotes":"","jetpack_publicize_message":"","jetpack_publicize_feature_enabled":true,"jetpack_social_post_already_shared":true,"jetpack_social_options":{"image_generator_settings":{"template":"highway","default_image_id":0,"font":"","enabled":false},"version":2}},"categories":[21],"tags":[1300,869],"class_list":["post-7304","post","type-post","status-publish","format-standard","has-post-thumbnail","hentry","category-informeci","tag-competencia","tag-profissionaisdainformacao"],"jetpack_publicize_connections":[],"jetpack_featured_media_url":"https:\/\/i0.wp.com\/www.pedroandretta.info\/index\/wp-content\/uploads\/2020\/09\/Percecao-sobre-as-Competencias-dos-Profissionais-da-Informacao-%E2%80%9CA.jpg?fit=543%2C888&ssl=1","views":"","jetpack_sharing_enabled":true,"_links":{"self":[{"href":"https:\/\/www.pedroandretta.info\/index\/wp-json\/wp\/v2\/posts\/7304","targetHints":{"allow":["GET"]}}],"collection":[{"href":"https:\/\/www.pedroandretta.info\/index\/wp-json\/wp\/v2\/posts"}],"about":[{"href":"https:\/\/www.pedroandretta.info\/index\/wp-json\/wp\/v2\/types\/post"}],"author":[{"embeddable":true,"href":"https:\/\/www.pedroandretta.info\/index\/wp-json\/wp\/v2\/users\/1"}],"replies":[{"embeddable":true,"href":"https:\/\/www.pedroandretta.info\/index\/wp-json\/wp\/v2\/comments?post=7304"}],"version-history":[{"count":0,"href":"https:\/\/www.pedroandretta.info\/index\/wp-json\/wp\/v2\/posts\/7304\/revisions"}],"wp:featuredmedia":[{"embeddable":true,"href":"https:\/\/www.pedroandretta.info\/index\/wp-json\/wp\/v2\/media\/7305"}],"wp:attachment":[{"href":"https:\/\/www.pedroandretta.info\/index\/wp-json\/wp\/v2\/media?parent=7304"}],"wp:term":[{"taxonomy":"category","embeddable":true,"href":"https:\/\/www.pedroandretta.info\/index\/wp-json\/wp\/v2\/categories?post=7304"},{"taxonomy":"post_tag","embeddable":true,"href":"https:\/\/www.pedroandretta.info\/index\/wp-json\/wp\/v2\/tags?post=7304"}],"curies":[{"name":"wp","href":"https:\/\/api.w.org\/{rel}","templated":true}]}}