{"id":7307,"date":"2020-09-20T20:24:12","date_gmt":"2020-09-21T00:24:12","guid":{"rendered":"https:\/\/www.pedroandretta.info\/index\/?p=7307"},"modified":"2020-09-20T20:24:12","modified_gmt":"2020-09-21T00:24:12","slug":"temos-direito-a-memoria-toda-biblioteca-por-menor-e-mais-desprovida-q","status":"publish","type":"post","link":"https:\/\/www.pedroandretta.info\/index\/2020\/09\/temos-direito-a-memoria-toda-biblioteca-por-menor-e-mais-desprovida-q\/","title":{"rendered":"Temos direito \u00e0 #mem\u00f3ria? |\u201c[&#8230;] toda biblioteca, por menor e mais desprovida q&#8230;"},"content":{"rendered":"<p>[ad_1]<\/p>\n<blockquote class=\"twitter-tweet\">\n<p lang=\"pt\" dir=\"ltr\">Temos direito \u00e0 <a target=\"_blank\" href=\"https:\/\/twitter.com\/hashtag\/mem%C3%B3ria?src=hash&amp;ref_src=twsrc%5Etfw\" rel=\"noopener noreferrer\">#mem\u00f3ria<\/a>? |\u201c[&#8230;] toda biblioteca, por menor e mais desprovida que seja de recursos financeiros e intelectuais, \u00e9 lugar de deflagra\u00e7\u00e3o da mem\u00f3ria nacional, espa\u00e7o da conserva\u00e7\u00e3o do <a target=\"_blank\" href=\"https:\/\/twitter.com\/hashtag\/patrim%C3%B4nio?src=hash&amp;ref_src=twsrc%5Etfw\" rel=\"noopener noreferrer\">#patrim\u00f4nio<\/a> intelectual, liter\u00e1rio e art\u00edstico\u201d via Biblioo <a target=\"_blank\" href=\"https:\/\/t.co\/xpVOlcvdiw\" rel=\"noopener noreferrer\">https:\/\/t.co\/xpVOlcvdiw<\/a><\/p>\n<p>&mdash; Pedro Andretta (@pedroisandretta) <a target=\"_blank\" href=\"https:\/\/twitter.com\/pedroisandretta\/status\/1307837999615553545?ref_src=twsrc%5Etfw\" rel=\"noopener noreferrer\">September 21, 2020<\/a><\/p><\/blockquote>\n<p><script async src=\"https:\/\/platform.twitter.com\/widgets.js\" charset=\"utf-8\"><\/script><\/p>\n<p>[ad_2]<br \/>\n<br \/><a href=\"https:\/\/twitter.com\/pedroisandretta\/statuses\/1307837999615553545\">Fonte<\/a> : Projeto <a href=\"https:\/\/www.pedroandretta.info\/informeci\">Informe-CI<\/a><\/p>\n","protected":false},"excerpt":{"rendered":"<p>[ad_1] Temos direito \u00e0 #mem\u00f3ria? |\u201c[&#8230;] toda biblioteca, por menor e mais desprovida que seja de recursos financeiros e intelectuais, \u00e9 lugar de deflagra\u00e7\u00e3o da mem\u00f3ria nacional, espa\u00e7o da conserva\u00e7\u00e3o do #patrim\u00f4nio intelectual, liter\u00e1rio e art\u00edstico\u201d via Biblioo https:\/\/t.co\/xpVOlcvdiw &mdash; Pedro Andretta (@pedroisandretta) September 21, 2020 [ad_2] Fonte : Projeto Informe-CI<\/p>\n","protected":false},"author":1,"featured_media":0,"comment_status":"open","ping_status":"open","sticky":false,"template":"","format":"standard","meta":{"_jetpack_memberships_contains_paid_content":false,"footnotes":"","jetpack_publicize_message":"","jetpack_publicize_feature_enabled":true,"jetpack_social_post_already_shared":true,"jetpack_social_options":{"image_generator_settings":{"template":"highway","default_image_id":0,"font":"","enabled":false},"version":2}},"categories":[21],"tags":[430,553],"class_list":["post-7307","post","type-post","status-publish","format-standard","hentry","category-informeci","tag-memoria","tag-patrimonio"],"jetpack_publicize_connections":[],"jetpack_featured_media_url":"","views":"","jetpack_sharing_enabled":true,"_links":{"self":[{"href":"https:\/\/www.pedroandretta.info\/index\/wp-json\/wp\/v2\/posts\/7307","targetHints":{"allow":["GET"]}}],"collection":[{"href":"https:\/\/www.pedroandretta.info\/index\/wp-json\/wp\/v2\/posts"}],"about":[{"href":"https:\/\/www.pedroandretta.info\/index\/wp-json\/wp\/v2\/types\/post"}],"author":[{"embeddable":true,"href":"https:\/\/www.pedroandretta.info\/index\/wp-json\/wp\/v2\/users\/1"}],"replies":[{"embeddable":true,"href":"https:\/\/www.pedroandretta.info\/index\/wp-json\/wp\/v2\/comments?post=7307"}],"version-history":[{"count":0,"href":"https:\/\/www.pedroandretta.info\/index\/wp-json\/wp\/v2\/posts\/7307\/revisions"}],"wp:attachment":[{"href":"https:\/\/www.pedroandretta.info\/index\/wp-json\/wp\/v2\/media?parent=7307"}],"wp:term":[{"taxonomy":"category","embeddable":true,"href":"https:\/\/www.pedroandretta.info\/index\/wp-json\/wp\/v2\/categories?post=7307"},{"taxonomy":"post_tag","embeddable":true,"href":"https:\/\/www.pedroandretta.info\/index\/wp-json\/wp\/v2\/tags?post=7307"}],"curies":[{"name":"wp","href":"https:\/\/api.w.org\/{rel}","templated":true}]}}