{"id":7326,"date":"2020-09-22T20:13:23","date_gmt":"2020-09-23T00:13:23","guid":{"rendered":"https:\/\/www.pedroandretta.info\/index\/?p=7326"},"modified":"2020-09-22T20:13:23","modified_gmt":"2020-09-23T00:13:23","slug":"bibliotecas-e-agenda2030-contribuicoes-do-acesso-a-informacao-e-cultura-alu","status":"publish","type":"post","link":"https:\/\/www.pedroandretta.info\/index\/2020\/09\/bibliotecas-e-agenda2030-contribuicoes-do-acesso-a-informacao-e-cultura-alu\/","title":{"rendered":"#Bibliotecas e #Agenda2030: Contribui\u00e7\u00f5es do acesso \u00e0 informa\u00e7\u00e3o e cultura | Alu&#8230;"},"content":{"rendered":"<p>[ad_1]<br \/>\n<img data-recalc-dims=\"1\" decoding=\"async\" src=\"https:\/\/i0.wp.com\/www.pedroandretta.info\/index\/wp-content\/uploads\/2020\/09\/Bibliotecas-e-Agenda2030-Contribuicoes-do-acesso-a-informacao-e-cultura.jpg?w=696&#038;ssl=1\"\/><\/p>\n<blockquote class=\"twitter-tweet\">\n<p lang=\"pt\" dir=\"ltr\"><a target=\"_blank\" href=\"https:\/\/twitter.com\/hashtag\/Bibliotecas?src=hash&amp;ref_src=twsrc%5Etfw\" rel=\"noopener noreferrer\">#Bibliotecas<\/a> e <a target=\"_blank\" href=\"https:\/\/twitter.com\/hashtag\/Agenda2030?src=hash&amp;ref_src=twsrc%5Etfw\" rel=\"noopener noreferrer\">#Agenda2030<\/a>: Contribui\u00e7\u00f5es do acesso \u00e0 informa\u00e7\u00e3o e cultura | Alunos de <a target=\"_blank\" href=\"https:\/\/twitter.com\/hashtag\/Biblioteconomia?src=hash&amp;ref_src=twsrc%5Etfw\" rel=\"noopener noreferrer\">#Biblioteconomia<\/a>: Fica a dica de acompanhar esse Curso de 18h promovido pela FESABID e a Biblioteca del Congreso de la Naci\u00f3n (Argentina). (Em Espanhol) via BCN <a target=\"_blank\" href=\"https:\/\/t.co\/zqkXL0OMI1\" rel=\"noopener noreferrer\">https:\/\/t.co\/zqkXL0OMI1<\/a><\/p>\n<p>&mdash; Pedro Andretta (@pedroisandretta) <a target=\"_blank\" href=\"https:\/\/twitter.com\/pedroisandretta\/status\/1308560055395135491?ref_src=twsrc%5Etfw\" rel=\"noopener noreferrer\">September 23, 2020<\/a><\/p><\/blockquote>\n<p><script async src=\"https:\/\/platform.twitter.com\/widgets.js\" charset=\"utf-8\"><\/script><\/p>\n<p>[ad_2]<br \/>\n<br \/><a href=\"https:\/\/twitter.com\/pedroisandretta\/statuses\/1308560055395135491\">Fonte<\/a> : Projeto <a href=\"https:\/\/www.pedroandretta.info\/informeci\">Informe-CI<\/a><\/p>\n","protected":false},"excerpt":{"rendered":"<p>[ad_1] #Bibliotecas e #Agenda2030: Contribui\u00e7\u00f5es do acesso \u00e0 informa\u00e7\u00e3o e cultura | Alunos de #Biblioteconomia: Fica a dica de acompanhar esse Curso de 18h promovido pela FESABID e a Biblioteca del Congreso de la Naci\u00f3n (Argentina). (Em Espanhol) via BCN https:\/\/t.co\/zqkXL0OMI1 &mdash; Pedro Andretta (@pedroisandretta) September 23, 2020 [ad_2] Fonte : Projeto Informe-CI<\/p>\n","protected":false},"author":1,"featured_media":7327,"comment_status":"open","ping_status":"open","sticky":false,"template":"","format":"standard","meta":{"_jetpack_memberships_contains_paid_content":false,"footnotes":"","jetpack_publicize_message":"","jetpack_publicize_feature_enabled":true,"jetpack_social_post_already_shared":true,"jetpack_social_options":{"image_generator_settings":{"template":"highway","default_image_id":0,"font":"","enabled":false},"version":2}},"categories":[21],"tags":[638,38,33],"class_list":["post-7326","post","type-post","status-publish","format-standard","has-post-thumbnail","hentry","category-informeci","tag-agenda2030","tag-bibliotecas","tag-biblioteconomia"],"jetpack_publicize_connections":[],"jetpack_featured_media_url":"https:\/\/i0.wp.com\/www.pedroandretta.info\/index\/wp-content\/uploads\/2020\/09\/Bibliotecas-e-Agenda2030-Contribuicoes-do-acesso-a-informacao-e-cultura.jpg?fit=256%2C151&ssl=1","views":"","jetpack_sharing_enabled":true,"_links":{"self":[{"href":"https:\/\/www.pedroandretta.info\/index\/wp-json\/wp\/v2\/posts\/7326","targetHints":{"allow":["GET"]}}],"collection":[{"href":"https:\/\/www.pedroandretta.info\/index\/wp-json\/wp\/v2\/posts"}],"about":[{"href":"https:\/\/www.pedroandretta.info\/index\/wp-json\/wp\/v2\/types\/post"}],"author":[{"embeddable":true,"href":"https:\/\/www.pedroandretta.info\/index\/wp-json\/wp\/v2\/users\/1"}],"replies":[{"embeddable":true,"href":"https:\/\/www.pedroandretta.info\/index\/wp-json\/wp\/v2\/comments?post=7326"}],"version-history":[{"count":0,"href":"https:\/\/www.pedroandretta.info\/index\/wp-json\/wp\/v2\/posts\/7326\/revisions"}],"wp:featuredmedia":[{"embeddable":true,"href":"https:\/\/www.pedroandretta.info\/index\/wp-json\/wp\/v2\/media\/7327"}],"wp:attachment":[{"href":"https:\/\/www.pedroandretta.info\/index\/wp-json\/wp\/v2\/media?parent=7326"}],"wp:term":[{"taxonomy":"category","embeddable":true,"href":"https:\/\/www.pedroandretta.info\/index\/wp-json\/wp\/v2\/categories?post=7326"},{"taxonomy":"post_tag","embeddable":true,"href":"https:\/\/www.pedroandretta.info\/index\/wp-json\/wp\/v2\/tags?post=7326"}],"curies":[{"name":"wp","href":"https:\/\/api.w.org\/{rel}","templated":true}]}}