{"id":7333,"date":"2020-09-23T08:40:13","date_gmt":"2020-09-23T12:40:13","guid":{"rendered":"https:\/\/www.pedroandretta.info\/index\/?p=7333"},"modified":"2020-09-23T08:40:13","modified_gmt":"2020-09-23T12:40:13","slug":"e-assim-que-voce-constroi-a-biblioteca-do-futuro-por-karen-connors-os-4-cs-c","status":"publish","type":"post","link":"https:\/\/www.pedroandretta.info\/index\/2020\/09\/e-assim-que-voce-constroi-a-biblioteca-do-futuro-por-karen-connors-os-4-cs-c\/","title":{"rendered":"\u00c9 assim que voc\u00ea constr\u00f3i a biblioteca do futuro, por Karen Connors| \u201cOs 4 Cs (c&#8230;"},"content":{"rendered":"<p>[ad_1]<\/p>\n<blockquote class=\"twitter-tweet\">\n<p lang=\"pt\" dir=\"ltr\">\u00c9 assim que voc\u00ea constr\u00f3i a biblioteca do futuro, por Karen Connors| \u201cOs 4 Cs (colabora\u00e7\u00e3o, comunica\u00e7\u00e3o, pensamento cr\u00edtico e criatividade) conduzir\u00e3o nossa abordagem pioneira para o desenvolvimento das <a target=\"_blank\" href=\"https:\/\/twitter.com\/hashtag\/bibliotecas?src=hash&amp;ref_src=twsrc%5Etfw\" rel=\"noopener noreferrer\">#bibliotecas<\/a> do futuro\u201c <a target=\"_blank\" href=\"https:\/\/twitter.com\/hashtag\/tend%C3%AAncias?src=hash&amp;ref_src=twsrc%5Etfw\" rel=\"noopener noreferrer\">#tend\u00eancias<\/a> \ud83c\uddfa\ud83c\uddf8via ESchoolNews <a target=\"_blank\" href=\"https:\/\/t.co\/AEaJXGv6Jg\" rel=\"noopener noreferrer\">https:\/\/t.co\/AEaJXGv6Jg<\/a><\/p>\n<p>&mdash; Pedro Andretta (@pedroisandretta) <a target=\"_blank\" href=\"https:\/\/twitter.com\/pedroisandretta\/status\/1308748002010464256?ref_src=twsrc%5Etfw\" rel=\"noopener noreferrer\">September 23, 2020<\/a><\/p><\/blockquote>\n<p><script async src=\"https:\/\/platform.twitter.com\/widgets.js\" charset=\"utf-8\"><\/script><\/p>\n<p>[ad_2]<br \/>\n<br \/><a href=\"https:\/\/twitter.com\/pedroisandretta\/statuses\/1308748002010464256\">Fonte<\/a> : Projeto <a href=\"https:\/\/www.pedroandretta.info\/informeci\">Informe-CI<\/a><\/p>\n","protected":false},"excerpt":{"rendered":"<p>[ad_1] \u00c9 assim que voc\u00ea constr\u00f3i a biblioteca do futuro, por Karen Connors| \u201cOs 4 Cs (colabora\u00e7\u00e3o, comunica\u00e7\u00e3o, pensamento cr\u00edtico e criatividade) conduzir\u00e3o nossa abordagem pioneira para o desenvolvimento das #bibliotecas do futuro\u201c #tend\u00eancias \ud83c\uddfa\ud83c\uddf8via ESchoolNews https:\/\/t.co\/AEaJXGv6Jg &mdash; Pedro Andretta (@pedroisandretta) September 23, 2020 [ad_2] Fonte : Projeto Informe-CI<\/p>\n","protected":false},"author":1,"featured_media":0,"comment_status":"open","ping_status":"open","sticky":false,"template":"","format":"standard","meta":{"_jetpack_memberships_contains_paid_content":false,"footnotes":"","jetpack_publicize_message":"","jetpack_publicize_feature_enabled":true,"jetpack_social_post_already_shared":true,"jetpack_social_options":{"image_generator_settings":{"template":"highway","default_image_id":0,"font":"","enabled":false},"version":2}},"categories":[21],"tags":[38,707],"class_list":["post-7333","post","type-post","status-publish","format-standard","hentry","category-informeci","tag-bibliotecas","tag-tendencias"],"jetpack_publicize_connections":[],"jetpack_featured_media_url":"","views":"","jetpack_sharing_enabled":true,"_links":{"self":[{"href":"https:\/\/www.pedroandretta.info\/index\/wp-json\/wp\/v2\/posts\/7333","targetHints":{"allow":["GET"]}}],"collection":[{"href":"https:\/\/www.pedroandretta.info\/index\/wp-json\/wp\/v2\/posts"}],"about":[{"href":"https:\/\/www.pedroandretta.info\/index\/wp-json\/wp\/v2\/types\/post"}],"author":[{"embeddable":true,"href":"https:\/\/www.pedroandretta.info\/index\/wp-json\/wp\/v2\/users\/1"}],"replies":[{"embeddable":true,"href":"https:\/\/www.pedroandretta.info\/index\/wp-json\/wp\/v2\/comments?post=7333"}],"version-history":[{"count":0,"href":"https:\/\/www.pedroandretta.info\/index\/wp-json\/wp\/v2\/posts\/7333\/revisions"}],"wp:attachment":[{"href":"https:\/\/www.pedroandretta.info\/index\/wp-json\/wp\/v2\/media?parent=7333"}],"wp:term":[{"taxonomy":"category","embeddable":true,"href":"https:\/\/www.pedroandretta.info\/index\/wp-json\/wp\/v2\/categories?post=7333"},{"taxonomy":"post_tag","embeddable":true,"href":"https:\/\/www.pedroandretta.info\/index\/wp-json\/wp\/v2\/tags?post=7333"}],"curies":[{"name":"wp","href":"https:\/\/api.w.org\/{rel}","templated":true}]}}