{"id":7337,"date":"2020-09-23T22:58:35","date_gmt":"2020-09-24T02:58:35","guid":{"rendered":"https:\/\/www.pedroandretta.info\/index\/?p=7337"},"modified":"2020-09-23T22:58:35","modified_gmt":"2020-09-24T02:58:35","slug":"biblioteca-nacional-incentiva-a-leitura-e-disponibiliza-acervo-virtual-de-obras","status":"publish","type":"post","link":"https:\/\/www.pedroandretta.info\/index\/2020\/09\/biblioteca-nacional-incentiva-a-leitura-e-disponibiliza-acervo-virtual-de-obras\/","title":{"rendered":"Biblioteca Nacional incentiva a leitura e disponibiliza acervo virtual de obras &#8230;"},"content":{"rendered":"<p>[ad_1]<\/p>\n<blockquote class=\"twitter-tweet\">\n<p lang=\"pt\" dir=\"ltr\">Biblioteca Nacional incentiva a leitura e disponibiliza acervo virtual de obras editadas pelo Centro de Pesquisa e Editora\u00e7\u00e3o | Itens bacanas para os interessados em: <a target=\"_blank\" href=\"https:\/\/twitter.com\/hashtag\/BibliotecaNacional?src=hash&amp;ref_src=twsrc%5Etfw\" rel=\"noopener noreferrer\">#BibliotecaNacional<\/a> , <a target=\"_blank\" href=\"https:\/\/twitter.com\/hashtag\/Encaderna%C3%A7%C3%A3o?src=hash&amp;ref_src=twsrc%5Etfw\" rel=\"noopener noreferrer\">#Encaderna\u00e7\u00e3o<\/a> ,  <a target=\"_blank\" href=\"https:\/\/twitter.com\/hashtag\/Iconografia?src=hash&amp;ref_src=twsrc%5Etfw\" rel=\"noopener noreferrer\">#Iconografia<\/a> , <a target=\"_blank\" href=\"https:\/\/twitter.com\/hashtag\/Censura?src=hash&amp;ref_src=twsrc%5Etfw\" rel=\"noopener noreferrer\">#Censura<\/a> , <a target=\"_blank\" href=\"https:\/\/twitter.com\/hashtag\/MachadoDeAssis?src=hash&amp;ref_src=twsrc%5Etfw\" rel=\"noopener noreferrer\">#MachadoDeAssis<\/a>  via BN <a target=\"_blank\" href=\"https:\/\/t.co\/nzRTmfaqJY\" rel=\"noopener noreferrer\">https:\/\/t.co\/nzRTmfaqJY<\/a><\/p>\n<p>&mdash; Pedro Andretta (@pedroisandretta) <a target=\"_blank\" href=\"https:\/\/twitter.com\/pedroisandretta\/status\/1308964014341394433?ref_src=twsrc%5Etfw\" rel=\"noopener noreferrer\">September 24, 2020<\/a><\/p><\/blockquote>\n<p><script async src=\"https:\/\/platform.twitter.com\/widgets.js\" charset=\"utf-8\"><\/script><\/p>\n<p>[ad_2]<br \/>\n<br \/><a href=\"https:\/\/twitter.com\/pedroisandretta\/statuses\/1308964014341394433\">Fonte<\/a> : Projeto <a href=\"https:\/\/www.pedroandretta.info\/informeci\">Informe-CI<\/a><\/p>\n","protected":false},"excerpt":{"rendered":"<p>[ad_1] Biblioteca Nacional incentiva a leitura e disponibiliza acervo virtual de obras editadas pelo Centro de Pesquisa e Editora\u00e7\u00e3o | Itens bacanas para os interessados em: #BibliotecaNacional , #Encaderna\u00e7\u00e3o , #Iconografia , #Censura , #MachadoDeAssis via BN https:\/\/t.co\/nzRTmfaqJY &mdash; Pedro Andretta (@pedroisandretta) September 24, 2020 [ad_2] Fonte : Projeto Informe-CI<\/p>\n","protected":false},"author":1,"featured_media":0,"comment_status":"open","ping_status":"open","sticky":false,"template":"","format":"standard","meta":{"_jetpack_memberships_contains_paid_content":false,"footnotes":"","jetpack_publicize_message":"","jetpack_publicize_feature_enabled":true,"jetpack_social_post_already_shared":true,"jetpack_social_options":{"image_generator_settings":{"template":"highway","default_image_id":0,"font":"","enabled":false},"version":2}},"categories":[21],"tags":[402,168,1389,1390,968],"class_list":["post-7337","post","type-post","status-publish","format-standard","hentry","category-informeci","tag-bibliotecanacional","tag-censura","tag-encadernacao","tag-iconografia","tag-machadodeassis"],"jetpack_publicize_connections":[],"jetpack_featured_media_url":"","views":"","jetpack_sharing_enabled":true,"_links":{"self":[{"href":"https:\/\/www.pedroandretta.info\/index\/wp-json\/wp\/v2\/posts\/7337","targetHints":{"allow":["GET"]}}],"collection":[{"href":"https:\/\/www.pedroandretta.info\/index\/wp-json\/wp\/v2\/posts"}],"about":[{"href":"https:\/\/www.pedroandretta.info\/index\/wp-json\/wp\/v2\/types\/post"}],"author":[{"embeddable":true,"href":"https:\/\/www.pedroandretta.info\/index\/wp-json\/wp\/v2\/users\/1"}],"replies":[{"embeddable":true,"href":"https:\/\/www.pedroandretta.info\/index\/wp-json\/wp\/v2\/comments?post=7337"}],"version-history":[{"count":0,"href":"https:\/\/www.pedroandretta.info\/index\/wp-json\/wp\/v2\/posts\/7337\/revisions"}],"wp:attachment":[{"href":"https:\/\/www.pedroandretta.info\/index\/wp-json\/wp\/v2\/media?parent=7337"}],"wp:term":[{"taxonomy":"category","embeddable":true,"href":"https:\/\/www.pedroandretta.info\/index\/wp-json\/wp\/v2\/categories?post=7337"},{"taxonomy":"post_tag","embeddable":true,"href":"https:\/\/www.pedroandretta.info\/index\/wp-json\/wp\/v2\/tags?post=7337"}],"curies":[{"name":"wp","href":"https:\/\/api.w.org\/{rel}","templated":true}]}}