{"id":7383,"date":"2020-09-27T21:32:50","date_gmt":"2020-09-28T01:32:50","guid":{"rendered":"https:\/\/www.pedroandretta.info\/index\/?p=7383"},"modified":"2020-09-27T21:32:50","modified_gmt":"2020-09-28T01:32:50","slug":"neste-domingo-dia-de-cosme-e-damiao-comeca-a-campanha-eleitoral-ate-novembro","status":"publish","type":"post","link":"https:\/\/www.pedroandretta.info\/index\/2020\/09\/neste-domingo-dia-de-cosme-e-damiao-comeca-a-campanha-eleitoral-ate-novembro\/","title":{"rendered":"Neste domingo, dia de Cosme e Dami\u00e3o, come\u00e7a a campanha eleitoral |\u201cAt\u00e9 novembro&#8230;"},"content":{"rendered":"<p>[ad_1]<\/p>\n<blockquote class=\"twitter-tweet\">\n<p lang=\"pt\" dir=\"ltr\">Neste domingo, dia de Cosme e Dami\u00e3o, come\u00e7a a campanha eleitoral |\u201cAt\u00e9 novembro tem muito ch\u00e3o e n\u00f3s, profissionais da informa\u00e7\u00e3o, temos muito a contribuir nesse processo\u201d. Informe-se, fique por dentro da Resolu\u00e7\u00e3o TSE n\u00ba 23.610\/2019! <a target=\"_blank\" href=\"https:\/\/twitter.com\/hashtag\/elei%C3%A7%C3%A3o?src=hash&amp;ref_src=twsrc%5Etfw\" rel=\"noopener noreferrer\">#elei\u00e7\u00e3o<\/a> via Biblioo <a target=\"_blank\" href=\"https:\/\/t.co\/Ey32icIJ5r\" rel=\"noopener noreferrer\">https:\/\/t.co\/Ey32icIJ5r<\/a><\/p>\n<p>&mdash; Pedro Andretta (@pedroisandretta) <a target=\"_blank\" href=\"https:\/\/twitter.com\/pedroisandretta\/status\/1310391989955944448?ref_src=twsrc%5Etfw\" rel=\"noopener noreferrer\">September 28, 2020<\/a><\/p><\/blockquote>\n<p><script async src=\"https:\/\/platform.twitter.com\/widgets.js\" charset=\"utf-8\"><\/script><\/p>\n<p>[ad_2]<br \/>\n<br \/><a href=\"https:\/\/twitter.com\/pedroisandretta\/statuses\/1310391989955944448\">Fonte<\/a> : Projeto <a href=\"https:\/\/www.pedroandretta.info\/informeci\">Informe-CI<\/a><\/p>\n","protected":false},"excerpt":{"rendered":"<p>[ad_1] Neste domingo, dia de Cosme e Dami\u00e3o, come\u00e7a a campanha eleitoral |\u201cAt\u00e9 novembro tem muito ch\u00e3o e n\u00f3s, profissionais da informa\u00e7\u00e3o, temos muito a contribuir nesse processo\u201d. Informe-se, fique por dentro da Resolu\u00e7\u00e3o TSE n\u00ba 23.610\/2019! #elei\u00e7\u00e3o via Biblioo https:\/\/t.co\/Ey32icIJ5r &mdash; Pedro Andretta (@pedroisandretta) September 28, 2020 [ad_2] Fonte : Projeto Informe-CI<\/p>\n","protected":false},"author":1,"featured_media":0,"comment_status":"open","ping_status":"open","sticky":false,"template":"","format":"standard","meta":{"_jetpack_memberships_contains_paid_content":false,"footnotes":"","jetpack_publicize_message":"","jetpack_publicize_feature_enabled":true,"jetpack_social_post_already_shared":true,"jetpack_social_options":{"image_generator_settings":{"template":"highway","default_image_id":0,"font":"","enabled":false},"version":2}},"categories":[21],"tags":[143],"class_list":["post-7383","post","type-post","status-publish","format-standard","hentry","category-informeci","tag-eleicoes"],"jetpack_publicize_connections":[],"jetpack_featured_media_url":"","views":"","jetpack_sharing_enabled":true,"_links":{"self":[{"href":"https:\/\/www.pedroandretta.info\/index\/wp-json\/wp\/v2\/posts\/7383","targetHints":{"allow":["GET"]}}],"collection":[{"href":"https:\/\/www.pedroandretta.info\/index\/wp-json\/wp\/v2\/posts"}],"about":[{"href":"https:\/\/www.pedroandretta.info\/index\/wp-json\/wp\/v2\/types\/post"}],"author":[{"embeddable":true,"href":"https:\/\/www.pedroandretta.info\/index\/wp-json\/wp\/v2\/users\/1"}],"replies":[{"embeddable":true,"href":"https:\/\/www.pedroandretta.info\/index\/wp-json\/wp\/v2\/comments?post=7383"}],"version-history":[{"count":0,"href":"https:\/\/www.pedroandretta.info\/index\/wp-json\/wp\/v2\/posts\/7383\/revisions"}],"wp:attachment":[{"href":"https:\/\/www.pedroandretta.info\/index\/wp-json\/wp\/v2\/media?parent=7383"}],"wp:term":[{"taxonomy":"category","embeddable":true,"href":"https:\/\/www.pedroandretta.info\/index\/wp-json\/wp\/v2\/categories?post=7383"},{"taxonomy":"post_tag","embeddable":true,"href":"https:\/\/www.pedroandretta.info\/index\/wp-json\/wp\/v2\/tags?post=7383"}],"curies":[{"name":"wp","href":"https:\/\/api.w.org\/{rel}","templated":true}]}}