{"id":7414,"date":"2020-09-30T15:42:16","date_gmt":"2020-09-30T19:42:16","guid":{"rendered":"https:\/\/www.pedroandretta.info\/index\/?p=7414"},"modified":"2020-09-30T15:42:16","modified_gmt":"2020-09-30T19:42:16","slug":"o-que-e-a-inteligenciacontextual-e-por-que-ela-e-buscada-para-cargos-de-lideran","status":"publish","type":"post","link":"https:\/\/www.pedroandretta.info\/index\/2020\/09\/o-que-e-a-inteligenciacontextual-e-por-que-ela-e-buscada-para-cargos-de-lideran\/","title":{"rendered":"O que \u00e9 a #Intelig\u00eanciaContextual e por que ela \u00e9 buscada para cargos de lideran&#8230;"},"content":{"rendered":"<p>[ad_1]<\/p>\n<blockquote class=\"twitter-tweet\">\n<p lang=\"pt\" dir=\"ltr\">O que \u00e9 a <a target=\"_blank\" href=\"https:\/\/twitter.com\/hashtag\/Intelig%C3%AAnciaContextual?src=hash&amp;ref_src=twsrc%5Etfw\" rel=\"noopener noreferrer\">#Intelig\u00eanciaContextual<\/a> e por que ela \u00e9 buscada para cargos de lideran\u00e7a |\u201cA chave, \u00e9 \u2019expor-se a diferentes formas de pensar, que podem ser dadas por diferentes \u00e1reas profissionais, origens ou nacionalidades, g\u00eanero, situa\u00e7\u00e3o social\u2019\u201d via BBC <a target=\"_blank\" href=\"https:\/\/t.co\/gDa6dxfVJB\" rel=\"noopener noreferrer\">https:\/\/t.co\/gDa6dxfVJB<\/a><\/p>\n<p>&mdash; Pedro Andretta (@pedroisandretta) <a target=\"_blank\" href=\"https:\/\/twitter.com\/pedroisandretta\/status\/1311390927366377472?ref_src=twsrc%5Etfw\" rel=\"noopener noreferrer\">September 30, 2020<\/a><\/p><\/blockquote>\n<p><script async src=\"https:\/\/platform.twitter.com\/widgets.js\" charset=\"utf-8\"><\/script><\/p>\n<p>[ad_2]<br \/>\n<br \/><a href=\"https:\/\/twitter.com\/pedroisandretta\/statuses\/1311390927366377472\">Fonte<\/a> : Projeto <a href=\"https:\/\/www.pedroandretta.info\/informeci\">Informe-CI<\/a><\/p>\n","protected":false},"excerpt":{"rendered":"<p>[ad_1] O que \u00e9 a #Intelig\u00eanciaContextual e por que ela \u00e9 buscada para cargos de lideran\u00e7a |\u201cA chave, \u00e9 \u2019expor-se a diferentes formas de pensar, que podem ser dadas por diferentes \u00e1reas profissionais, origens ou nacionalidades, g\u00eanero, situa\u00e7\u00e3o social\u2019\u201d via BBC https:\/\/t.co\/gDa6dxfVJB &mdash; Pedro Andretta (@pedroisandretta) September 30, 2020 [ad_2] Fonte : Projeto Informe-CI<\/p>\n","protected":false},"author":1,"featured_media":0,"comment_status":"open","ping_status":"open","sticky":false,"template":"","format":"standard","meta":{"_jetpack_memberships_contains_paid_content":false,"footnotes":"","jetpack_publicize_message":"","jetpack_publicize_feature_enabled":true,"jetpack_social_post_already_shared":true,"jetpack_social_options":{"image_generator_settings":{"template":"highway","default_image_id":0,"font":"","enabled":false},"version":2}},"categories":[21],"tags":[1417],"class_list":["post-7414","post","type-post","status-publish","format-standard","hentry","category-informeci","tag-inteligenciacontextual"],"jetpack_publicize_connections":[],"jetpack_featured_media_url":"","views":"","jetpack_sharing_enabled":true,"_links":{"self":[{"href":"https:\/\/www.pedroandretta.info\/index\/wp-json\/wp\/v2\/posts\/7414","targetHints":{"allow":["GET"]}}],"collection":[{"href":"https:\/\/www.pedroandretta.info\/index\/wp-json\/wp\/v2\/posts"}],"about":[{"href":"https:\/\/www.pedroandretta.info\/index\/wp-json\/wp\/v2\/types\/post"}],"author":[{"embeddable":true,"href":"https:\/\/www.pedroandretta.info\/index\/wp-json\/wp\/v2\/users\/1"}],"replies":[{"embeddable":true,"href":"https:\/\/www.pedroandretta.info\/index\/wp-json\/wp\/v2\/comments?post=7414"}],"version-history":[{"count":0,"href":"https:\/\/www.pedroandretta.info\/index\/wp-json\/wp\/v2\/posts\/7414\/revisions"}],"wp:attachment":[{"href":"https:\/\/www.pedroandretta.info\/index\/wp-json\/wp\/v2\/media?parent=7414"}],"wp:term":[{"taxonomy":"category","embeddable":true,"href":"https:\/\/www.pedroandretta.info\/index\/wp-json\/wp\/v2\/categories?post=7414"},{"taxonomy":"post_tag","embeddable":true,"href":"https:\/\/www.pedroandretta.info\/index\/wp-json\/wp\/v2\/tags?post=7414"}],"curies":[{"name":"wp","href":"https:\/\/api.w.org\/{rel}","templated":true}]}}