{"id":7415,"date":"2020-09-30T15:31:38","date_gmt":"2020-09-30T19:31:38","guid":{"rendered":"https:\/\/www.pedroandretta.info\/index\/?p=7415"},"modified":"2020-09-30T15:31:38","modified_gmt":"2020-09-30T19:31:38","slug":"morre-aos-88-anos-o-cartunista-quino-criador-da-mafalda-seu-nome-e-sempr","status":"publish","type":"post","link":"https:\/\/www.pedroandretta.info\/index\/2020\/09\/morre-aos-88-anos-o-cartunista-quino-criador-da-mafalda-seu-nome-e-sempr\/","title":{"rendered":"Morre, aos 88 anos, o cartunista #Quino , criador da Mafalda | \u201cSeu nome \u00e9 sempr&#8230;"},"content":{"rendered":"<p>[ad_1]<\/p>\n<blockquote class=\"twitter-tweet\">\n<p lang=\"pt\" dir=\"ltr\">Morre, aos 88 anos, o cartunista <a target=\"_blank\" href=\"https:\/\/twitter.com\/hashtag\/Quino?src=hash&amp;ref_src=twsrc%5Etfw\" rel=\"noopener noreferrer\">#Quino<\/a> , criador da Mafalda | \u201cSeu nome \u00e9 sempre associado ao de sua personagem mais famosa, a questionadora menininha de 6 anos, f\u00e3 de Beatles, preocupada em combater os problemas sociais e que n\u00e3o gosta de sopa\u201d via O Sul <a target=\"_blank\" href=\"https:\/\/t.co\/wiBDuztkML\" rel=\"noopener noreferrer\">https:\/\/t.co\/wiBDuztkML<\/a><\/p>\n<p>&mdash; Pedro Andretta (@pedroisandretta) <a target=\"_blank\" href=\"https:\/\/twitter.com\/pedroisandretta\/status\/1311388253711409155?ref_src=twsrc%5Etfw\" rel=\"noopener noreferrer\">September 30, 2020<\/a><\/p><\/blockquote>\n<p><script async src=\"https:\/\/platform.twitter.com\/widgets.js\" charset=\"utf-8\"><\/script><\/p>\n<p>[ad_2]<br \/>\n<br \/><a href=\"https:\/\/twitter.com\/pedroisandretta\/statuses\/1311388253711409155\">Fonte<\/a> : Projeto <a href=\"https:\/\/www.pedroandretta.info\/informeci\">Informe-CI<\/a><\/p>\n","protected":false},"excerpt":{"rendered":"<p>[ad_1] Morre, aos 88 anos, o cartunista #Quino , criador da Mafalda | \u201cSeu nome \u00e9 sempre associado ao de sua personagem mais famosa, a questionadora menininha de 6 anos, f\u00e3 de Beatles, preocupada em combater os problemas sociais e que n\u00e3o gosta de sopa\u201d via O Sul https:\/\/t.co\/wiBDuztkML &mdash; Pedro Andretta (@pedroisandretta) September 30,<\/p><\/div>\n<div class=\"blog-btn\"><a href=\"https:\/\/www.pedroandretta.info\/index\/2020\/09\/morre-aos-88-anos-o-cartunista-quino-criador-da-mafalda-seu-nome-e-sempr\/\" class=\"home-blog-btn\">Ler mais<\/a><\/p>\n","protected":false},"author":1,"featured_media":0,"comment_status":"open","ping_status":"open","sticky":false,"template":"","format":"standard","meta":{"_jetpack_memberships_contains_paid_content":false,"footnotes":"","jetpack_publicize_message":"","jetpack_publicize_feature_enabled":true,"jetpack_social_post_already_shared":true,"jetpack_social_options":{"image_generator_settings":{"template":"highway","default_image_id":0,"font":"","enabled":false},"version":2}},"categories":[21],"tags":[1418],"class_list":["post-7415","post","type-post","status-publish","format-standard","hentry","category-informeci","tag-quino"],"jetpack_publicize_connections":[],"jetpack_featured_media_url":"","views":"","jetpack_sharing_enabled":true,"_links":{"self":[{"href":"https:\/\/www.pedroandretta.info\/index\/wp-json\/wp\/v2\/posts\/7415","targetHints":{"allow":["GET"]}}],"collection":[{"href":"https:\/\/www.pedroandretta.info\/index\/wp-json\/wp\/v2\/posts"}],"about":[{"href":"https:\/\/www.pedroandretta.info\/index\/wp-json\/wp\/v2\/types\/post"}],"author":[{"embeddable":true,"href":"https:\/\/www.pedroandretta.info\/index\/wp-json\/wp\/v2\/users\/1"}],"replies":[{"embeddable":true,"href":"https:\/\/www.pedroandretta.info\/index\/wp-json\/wp\/v2\/comments?post=7415"}],"version-history":[{"count":0,"href":"https:\/\/www.pedroandretta.info\/index\/wp-json\/wp\/v2\/posts\/7415\/revisions"}],"wp:attachment":[{"href":"https:\/\/www.pedroandretta.info\/index\/wp-json\/wp\/v2\/media?parent=7415"}],"wp:term":[{"taxonomy":"category","embeddable":true,"href":"https:\/\/www.pedroandretta.info\/index\/wp-json\/wp\/v2\/categories?post=7415"},{"taxonomy":"post_tag","embeddable":true,"href":"https:\/\/www.pedroandretta.info\/index\/wp-json\/wp\/v2\/tags?post=7415"}],"curies":[{"name":"wp","href":"https:\/\/api.w.org\/{rel}","templated":true}]}}