{"id":7418,"date":"2020-09-30T16:47:07","date_gmt":"2020-09-30T20:47:07","guid":{"rendered":"https:\/\/www.pedroandretta.info\/index\/?p=7418"},"modified":"2020-09-30T16:47:07","modified_gmt":"2020-09-30T20:47:07","slug":"pelo-menos-66-bibliotecarios-concorrem-nas-eleicoes-municipais-deste-ano-co","status":"publish","type":"post","link":"https:\/\/www.pedroandretta.info\/index\/2020\/09\/pelo-menos-66-bibliotecarios-concorrem-nas-eleicoes-municipais-deste-ano-co\/","title":{"rendered":"Pelo menos 66 #bibliotec\u00e1rios concorrem nas elei\u00e7\u00f5es municipais deste ano |  \u201cCo&#8230;"},"content":{"rendered":"<p>[ad_1]<\/p>\n<blockquote class=\"twitter-tweet\">\n<p lang=\"pt\" dir=\"ltr\">Pelo menos 66 <a target=\"_blank\" href=\"https:\/\/twitter.com\/hashtag\/bibliotec%C3%A1rios?src=hash&amp;ref_src=twsrc%5Etfw\" rel=\"noopener noreferrer\">#bibliotec\u00e1rios<\/a> concorrem nas elei\u00e7\u00f5es municipais deste ano |  \u201cConfira a lista completa de candidatos e candidatas dispon\u00edvel no site da Justi\u00e7a Eleitoral que declararam a biblioteconomia como ocupa\u00e7\u00e3o\u201d <a target=\"_blank\" href=\"https:\/\/twitter.com\/hashtag\/elei%C3%A7%C3%B5es?src=hash&amp;ref_src=twsrc%5Etfw\" rel=\"noopener noreferrer\">#elei\u00e7\u00f5es<\/a> via  Biblioo <a target=\"_blank\" href=\"https:\/\/t.co\/tY315PxMJK\" rel=\"noopener noreferrer\">https:\/\/t.co\/tY315PxMJK<\/a><\/p>\n<p>&mdash; Pedro Andretta (@pedroisandretta) <a target=\"_blank\" href=\"https:\/\/twitter.com\/pedroisandretta\/status\/1311407247814266881?ref_src=twsrc%5Etfw\" rel=\"noopener noreferrer\">September 30, 2020<\/a><\/p><\/blockquote>\n<p><script async src=\"https:\/\/platform.twitter.com\/widgets.js\" charset=\"utf-8\"><\/script><\/p>\n<p>[ad_2]<br \/>\n<br \/><a href=\"https:\/\/twitter.com\/pedroisandretta\/statuses\/1311407247814266881\">Fonte<\/a> : Projeto <a href=\"https:\/\/www.pedroandretta.info\/informeci\">Informe-CI<\/a><\/p>\n","protected":false},"excerpt":{"rendered":"<p>[ad_1] Pelo menos 66 #bibliotec\u00e1rios concorrem nas elei\u00e7\u00f5es municipais deste ano | \u201cConfira a lista completa de candidatos e candidatas dispon\u00edvel no site da Justi\u00e7a Eleitoral que declararam a biblioteconomia como ocupa\u00e7\u00e3o\u201d #elei\u00e7\u00f5es via Biblioo https:\/\/t.co\/tY315PxMJK &mdash; Pedro Andretta (@pedroisandretta) September 30, 2020 [ad_2] Fonte : Projeto Informe-CI<\/p>\n","protected":false},"author":1,"featured_media":0,"comment_status":"open","ping_status":"open","sticky":false,"template":"","format":"standard","meta":{"_jetpack_memberships_contains_paid_content":false,"footnotes":"","jetpack_publicize_message":"","jetpack_publicize_feature_enabled":true,"jetpack_social_post_already_shared":true,"jetpack_social_options":{"image_generator_settings":{"template":"highway","default_image_id":0,"font":"","enabled":false},"version":2}},"categories":[21],"tags":[22,143],"class_list":["post-7418","post","type-post","status-publish","format-standard","hentry","category-informeci","tag-bibliotecarios","tag-eleicoes"],"jetpack_publicize_connections":[],"jetpack_featured_media_url":"","views":"","jetpack_sharing_enabled":true,"_links":{"self":[{"href":"https:\/\/www.pedroandretta.info\/index\/wp-json\/wp\/v2\/posts\/7418","targetHints":{"allow":["GET"]}}],"collection":[{"href":"https:\/\/www.pedroandretta.info\/index\/wp-json\/wp\/v2\/posts"}],"about":[{"href":"https:\/\/www.pedroandretta.info\/index\/wp-json\/wp\/v2\/types\/post"}],"author":[{"embeddable":true,"href":"https:\/\/www.pedroandretta.info\/index\/wp-json\/wp\/v2\/users\/1"}],"replies":[{"embeddable":true,"href":"https:\/\/www.pedroandretta.info\/index\/wp-json\/wp\/v2\/comments?post=7418"}],"version-history":[{"count":0,"href":"https:\/\/www.pedroandretta.info\/index\/wp-json\/wp\/v2\/posts\/7418\/revisions"}],"wp:attachment":[{"href":"https:\/\/www.pedroandretta.info\/index\/wp-json\/wp\/v2\/media?parent=7418"}],"wp:term":[{"taxonomy":"category","embeddable":true,"href":"https:\/\/www.pedroandretta.info\/index\/wp-json\/wp\/v2\/categories?post=7418"},{"taxonomy":"post_tag","embeddable":true,"href":"https:\/\/www.pedroandretta.info\/index\/wp-json\/wp\/v2\/tags?post=7418"}],"curies":[{"name":"wp","href":"https:\/\/api.w.org\/{rel}","templated":true}]}}