{"id":7423,"date":"2020-09-30T21:52:29","date_gmt":"2020-10-01T01:52:29","guid":{"rendered":"https:\/\/www.pedroandretta.info\/index\/?p=7423"},"modified":"2020-09-30T21:52:29","modified_gmt":"2020-10-01T01:52:29","slug":"a-transicao-para-a-proxima-geracao-de-metadados-a-expertise-das-bibliotecas","status":"publish","type":"post","link":"https:\/\/www.pedroandretta.info\/index\/2020\/09\/a-transicao-para-a-proxima-geracao-de-metadados-a-expertise-das-bibliotecas\/","title":{"rendered":"A transi\u00e7\u00e3o para a pr\u00f3xima gera\u00e7\u00e3o de #metadados | \u201dA  expertise das bibliotecas&#8230;"},"content":{"rendered":"<p>[ad_1]<\/p>\n<blockquote class=\"twitter-tweet\">\n<p lang=\"pt\" dir=\"ltr\">A transi\u00e7\u00e3o para a pr\u00f3xima gera\u00e7\u00e3o de <a target=\"_blank\" href=\"https:\/\/twitter.com\/hashtag\/metadados?src=hash&amp;ref_src=twsrc%5Etfw\" rel=\"noopener noreferrer\">#metadados<\/a> | \u201dA  expertise das bibliotecas em padr\u00f5es de metadados, identificadores, dados vinculados e sistemas de compartilhamento, bem como sistemas t\u00e9cnicos, podem ser inestim\u00e1veis para o ciclo de vida da pesquisa\u201d <a target=\"_blank\" href=\"https:\/\/t.co\/f4zisjWyc4\" rel=\"noopener noreferrer\">https:\/\/t.co\/f4zisjWyc4<\/a> <a target=\"_blank\" href=\"https:\/\/t.co\/cEVWsPnOxD\" rel=\"noopener noreferrer\">pic.twitter.com\/cEVWsPnOxD<\/a><\/p>\n<p>&mdash; Pedro Andretta (@pedroisandretta) <a target=\"_blank\" href=\"https:\/\/twitter.com\/pedroisandretta\/status\/1311484095403380737?ref_src=twsrc%5Etfw\" rel=\"noopener noreferrer\">October 1, 2020<\/a><\/p><\/blockquote>\n<p><script async src=\"https:\/\/platform.twitter.com\/widgets.js\" charset=\"utf-8\"><\/script><\/p>\n<p>[ad_2]<br \/>\n<br \/><a href=\"https:\/\/twitter.com\/pedroisandretta\/statuses\/1311484095403380737\">Fonte<\/a> : Projeto <a href=\"https:\/\/www.pedroandretta.info\/informeci\">Informe-CI<\/a><\/p>\n","protected":false},"excerpt":{"rendered":"<p>[ad_1] A transi\u00e7\u00e3o para a pr\u00f3xima gera\u00e7\u00e3o de #metadados | \u201dA expertise das bibliotecas em padr\u00f5es de metadados, identificadores, dados vinculados e sistemas de compartilhamento, bem como sistemas t\u00e9cnicos, podem ser inestim\u00e1veis para o ciclo de vida da pesquisa\u201d https:\/\/t.co\/f4zisjWyc4 pic.twitter.com\/cEVWsPnOxD &mdash; Pedro Andretta (@pedroisandretta) October 1, 2020 [ad_2] Fonte : Projeto Informe-CI<\/p>\n","protected":false},"author":1,"featured_media":7424,"comment_status":"open","ping_status":"open","sticky":false,"template":"","format":"standard","meta":{"_jetpack_memberships_contains_paid_content":false,"footnotes":"","jetpack_publicize_message":"","jetpack_publicize_feature_enabled":true,"jetpack_social_post_already_shared":true,"jetpack_social_options":{"image_generator_settings":{"template":"highway","default_image_id":0,"font":"","enabled":false},"version":2}},"categories":[21],"tags":[76],"class_list":["post-7423","post","type-post","status-publish","format-standard","has-post-thumbnail","hentry","category-informeci","tag-metadados"],"jetpack_publicize_connections":[],"jetpack_featured_media_url":"https:\/\/i0.wp.com\/www.pedroandretta.info\/index\/wp-content\/uploads\/2020\/09\/A-transicao-para-a-proxima-geracao-de-metadados-%E2%80%9DA.jpg?fit=610%2C790&ssl=1","views":"","jetpack_sharing_enabled":true,"_links":{"self":[{"href":"https:\/\/www.pedroandretta.info\/index\/wp-json\/wp\/v2\/posts\/7423","targetHints":{"allow":["GET"]}}],"collection":[{"href":"https:\/\/www.pedroandretta.info\/index\/wp-json\/wp\/v2\/posts"}],"about":[{"href":"https:\/\/www.pedroandretta.info\/index\/wp-json\/wp\/v2\/types\/post"}],"author":[{"embeddable":true,"href":"https:\/\/www.pedroandretta.info\/index\/wp-json\/wp\/v2\/users\/1"}],"replies":[{"embeddable":true,"href":"https:\/\/www.pedroandretta.info\/index\/wp-json\/wp\/v2\/comments?post=7423"}],"version-history":[{"count":0,"href":"https:\/\/www.pedroandretta.info\/index\/wp-json\/wp\/v2\/posts\/7423\/revisions"}],"wp:featuredmedia":[{"embeddable":true,"href":"https:\/\/www.pedroandretta.info\/index\/wp-json\/wp\/v2\/media\/7424"}],"wp:attachment":[{"href":"https:\/\/www.pedroandretta.info\/index\/wp-json\/wp\/v2\/media?parent=7423"}],"wp:term":[{"taxonomy":"category","embeddable":true,"href":"https:\/\/www.pedroandretta.info\/index\/wp-json\/wp\/v2\/categories?post=7423"},{"taxonomy":"post_tag","embeddable":true,"href":"https:\/\/www.pedroandretta.info\/index\/wp-json\/wp\/v2\/tags?post=7423"}],"curies":[{"name":"wp","href":"https:\/\/api.w.org\/{rel}","templated":true}]}}